{"id":8744,"date":"2022-09-01T09:01:29","date_gmt":"2022-09-01T09:01:29","guid":{"rendered":"https:\/\/or-design.org\/?p=8744"},"modified":"2025-05-21T09:52:03","modified_gmt":"2025-05-21T09:52:03","slug":"como-solicitar-el-kit-digital","status":"publish","type":"post","link":"https:\/\/or-design.org\/fr\/como-solicitar-el-kit-digital\/","title":{"rendered":"Como solicitar el Kit Digital"},"content":{"rendered":"\t\t<div data-elementor-type=\"wp-post\" data-elementor-id=\"8744\" class=\"elementor elementor-8744\" data-elementor-post-type=\"post\">\n\t\t\t\t\t\t<section class=\"elementor-section elementor-top-section elementor-element elementor-element-893acf7 elementor-section-boxed elementor-section-height-default elementor-section-height-default\" data-id=\"893acf7\" data-element_type=\"section\" data-e-type=\"section\" data-settings=\"{&quot;ekit_has_onepagescroll_dot&quot;:&quot;yes&quot;}\">\n\t\t\t\t\t\t<div class=\"elementor-container elementor-column-gap-default\">\n\t\t\t\t\t<div class=\"elementor-column elementor-col-100 elementor-top-column elementor-element elementor-element-d8a7ddd\" data-id=\"d8a7ddd\" data-element_type=\"column\" data-e-type=\"column\">\n\t\t\t<div class=\"elementor-widget-wrap elementor-element-populated\">\n\t\t\t\t\t\t<div class=\"elementor-element elementor-element-1494f48 elementor-widget elementor-widget-text-editor\" data-id=\"1494f48\" data-element_type=\"widget\" data-e-type=\"widget\" data-settings=\"{&quot;ekit_we_effect_on&quot;:&quot;none&quot;}\" data-widget_type=\"text-editor.default\">\n\t\t\t\t<div class=\"elementor-widget-container\">\n\t\t\t\t\t\t\t\t\t<p>Para las empresas y aut\u00f3nomos espa\u00f1olas, hablaremos en este art\u00edculo de ayudas econ\u00f3micas conocidas como <strong>KIT DIGITAL<\/strong>. Estas ayudas econ\u00f3micas forman parte del programa <strong>Fondos Europeos Next Generation<\/strong>.<\/p><p><span style=\"color: var( --e-global-color-text ); font-family: var( --e-global-typography-text-font-family ), Sans-serif; font-weight: var( --e-global-typography-text-font-weight ); letter-spacing: var( --e-global-typography-text-letter-spacing ); font-size: 1rem;\">\u00a1Solicita esta ayuda econ\u00f3mica para hasta el\u00a0<\/span><strong style=\"color: var( --e-global-color-text ); font-family: var( --e-global-typography-text-font-family ), Sans-serif; letter-spacing: var( --e-global-typography-text-letter-spacing ); font-size: 1rem;\">31\/12\/2024 a las 11h<\/strong><span style=\"color: var( --e-global-color-text ); font-family: var( --e-global-typography-text-font-family ), Sans-serif; font-weight: var( --e-global-typography-text-font-weight ); letter-spacing: var( --e-global-typography-text-letter-spacing ); font-size: 1rem;\">!<\/span><\/p><p>\u00a0<\/p>\t\t\t\t\t\t\t\t<\/div>\n\t\t\t\t<\/div>\n\t\t\t\t\t<\/div>\n\t\t<\/div>\n\t\t\t\t\t<\/div>\n\t\t<\/section>\n\t\t\t\t<section class=\"elementor-section elementor-top-section elementor-element elementor-element-ff015a0 elementor-section-boxed elementor-section-height-default elementor-section-height-default\" data-id=\"ff015a0\" data-element_type=\"section\" data-e-type=\"section\" data-settings=\"{&quot;ekit_has_onepagescroll_dot&quot;:&quot;yes&quot;}\">\n\t\t\t\t\t\t<div class=\"elementor-container elementor-column-gap-default\">\n\t\t\t\t\t<div class=\"elementor-column elementor-col-100 elementor-top-column elementor-element elementor-element-2578d85\" data-id=\"2578d85\" data-element_type=\"column\" data-e-type=\"column\">\n\t\t\t<div class=\"elementor-widget-wrap elementor-element-populated\">\n\t\t\t\t\t\t<div class=\"elementor-element elementor-element-d7beed8 elementor-widget elementor-widget-heading\" data-id=\"d7beed8\" data-element_type=\"widget\" data-e-type=\"widget\" data-settings=\"{&quot;ekit_we_effect_on&quot;:&quot;none&quot;}\" data-widget_type=\"heading.default\">\n\t\t\t\t<div class=\"elementor-widget-container\">\n\t\t\t\t\t<h1 class=\"elementor-heading-title elementor-size-default\">QUIERO PEDIR EL KIT<\/h1>\t\t\t\t<\/div>\n\t\t\t\t<\/div>\n\t\t\t\t<div class=\"elementor-element elementor-element-f2ad325 elementor-widget elementor-widget-heading\" data-id=\"f2ad325\" data-element_type=\"widget\" data-e-type=\"widget\" data-settings=\"{&quot;ekit_we_effect_on&quot;:&quot;none&quot;}\" data-widget_type=\"heading.default\">\n\t\t\t\t<div class=\"elementor-widget-container\">\n\t\t\t\t\t<h3 class=\"elementor-heading-title elementor-size-default\">1-\tLa firma digital<\/h3>\t\t\t\t<\/div>\n\t\t\t\t<\/div>\n\t\t\t\t<div class=\"elementor-element elementor-element-bc3f12d elementor-widget elementor-widget-text-editor\" data-id=\"bc3f12d\" data-element_type=\"widget\" data-e-type=\"widget\" data-settings=\"{&quot;ekit_we_effect_on&quot;:&quot;none&quot;}\" data-widget_type=\"text-editor.default\">\n\t\t\t\t<div class=\"elementor-widget-container\">\n\t\t\t\t\t\t\t\t\t<p>Lo primero es verificar que disponeis y teneis instalada la firma digital de la empresa o del autonomo si no teneis forma societaria.<br><span style=\"color: var( --e-global-color-text ); letter-spacing: 0px;\">Tras disponer de la firma digital verificar que est\u00e1 instalado el m\u00f3dulo Autofirma, que se puede descargar aqu\u00ed: <\/span><a href=\"https:\/\/firmaelectronica.gob.es\/Home\/Descargas.html\" style=\"letter-spacing: 0px; background-color: rgb(255, 255, 255);\" target=\"_blank\" rel=\"noopener\">https:\/\/firmaelectronica.gob.es\/Home\/Descargas.html<\/a><\/p>\t\t\t\t\t\t\t\t<\/div>\n\t\t\t\t<\/div>\n\t\t\t\t<div class=\"elementor-element elementor-element-8157939 elementor-widget elementor-widget-heading\" data-id=\"8157939\" data-element_type=\"widget\" data-e-type=\"widget\" data-settings=\"{&quot;ekit_we_effect_on&quot;:&quot;none&quot;}\" data-widget_type=\"heading.default\">\n\t\t\t\t<div class=\"elementor-widget-container\">\n\t\t\t\t\t<h3 class=\"elementor-heading-title elementor-size-default\">2-\tRegistro<\/h3>\t\t\t\t<\/div>\n\t\t\t\t<\/div>\n\t\t\t\t<div class=\"elementor-element elementor-element-dbf55dc elementor-widget elementor-widget-text-editor\" data-id=\"dbf55dc\" data-element_type=\"widget\" data-e-type=\"widget\" data-settings=\"{&quot;ekit_we_effect_on&quot;:&quot;none&quot;}\" data-widget_type=\"text-editor.default\">\n\t\t\t\t<div class=\"elementor-widget-container\">\n\t\t\t\t\t\t\t\t\t<p>Procede a registrarte como usuario en AceleraPyme (<a href=\"https:\/\/www.acelerapyme.es\/user\" target=\"_blank\" rel=\"noopener\">https:\/\/www.acelerapyme.es\/user<\/a>)<\/p>\t\t\t\t\t\t\t\t<\/div>\n\t\t\t\t<\/div>\n\t\t\t\t<div class=\"elementor-element elementor-element-211c638 elementor-widget elementor-widget-heading\" data-id=\"211c638\" data-element_type=\"widget\" data-e-type=\"widget\" data-settings=\"{&quot;ekit_we_effect_on&quot;:&quot;none&quot;}\" data-widget_type=\"heading.default\">\n\t\t\t\t<div class=\"elementor-widget-container\">\n\t\t\t\t\t<h3 class=\"elementor-heading-title elementor-size-default\">3-\tTest<\/h3>\t\t\t\t<\/div>\n\t\t\t\t<\/div>\n\t\t\t\t<div class=\"elementor-element elementor-element-76fdede elementor-widget elementor-widget-text-editor\" data-id=\"76fdede\" data-element_type=\"widget\" data-e-type=\"widget\" data-settings=\"{&quot;ekit_we_effect_on&quot;:&quot;none&quot;}\" data-widget_type=\"text-editor.default\">\n\t\t\t\t<div class=\"elementor-widget-container\">\n\t\t\t\t\t\t\t\t\t<p>Realizar el Test de Diagn\u00f3stico en <a href=\"https:\/\/www.acelerapyme.es\/quieres-conocer-el-grado-de-digitalizacion-de-tu-pyme\" target=\"_blank\" rel=\"noopener\">https:\/\/www.acelerapyme.es\/quieres-conocer-el-grado-de-digitalizacion-de-tu-pyme<\/a><br \/><span style=\"color: var( --e-global-color-text ); letter-spacing: 0px;\">En este test vas a declarar cu\u00e1l es el grado de digitalizaci\u00f3n de tu empresa, esto luego servir\u00e1 para medir como el bono del Kit digital te ha permitido mejorar dicha digitalizaci\u00f3n.<\/span><\/p>\t\t\t\t\t\t\t\t<\/div>\n\t\t\t\t<\/div>\n\t\t\t\t<div class=\"elementor-element elementor-element-3804566 elementor-widget elementor-widget-heading\" data-id=\"3804566\" data-element_type=\"widget\" data-e-type=\"widget\" data-settings=\"{&quot;ekit_we_effect_on&quot;:&quot;none&quot;}\" data-widget_type=\"heading.default\">\n\t\t\t\t<div class=\"elementor-widget-container\">\n\t\t\t\t\t<h3 class=\"elementor-heading-title elementor-size-default\">4-\tSolicitar el Bono<\/h3>\t\t\t\t<\/div>\n\t\t\t\t<\/div>\n\t\t\t\t<div class=\"elementor-element elementor-element-c0bf794 elementor-widget elementor-widget-text-editor\" data-id=\"c0bf794\" data-element_type=\"widget\" data-e-type=\"widget\" data-settings=\"{&quot;ekit_we_effect_on&quot;:&quot;none&quot;}\" data-widget_type=\"text-editor.default\">\n\t\t\t\t<div class=\"elementor-widget-container\">\n\t\t\t\t\t\t\t\t\t<p>Realizar la solicitud del bono en https:\/\/sede.red.gob.es\/es\/procedimientos\/convocatoria-de-las-ayudas-destinadas-la-digitalizacion-de-las-comunidades-de-bienes<br \/><span style=\"color: var( --e-global-color-text ); letter-spacing: 0px;\">Este link es para las empresas de <strong>0 a 50 trabajadores que sean\u00a0<\/strong><\/span><b>COMUNIDADES DE BIENES, SOCIEDADES CIVILES CON OBJETO MERCANTIL, SOCIEDADES CIVILES PROFESIONALES Y EXPLOTACIONES AGRARIAS DE TITULARIDAD COMPARTIDA\u00a0<\/b><strong style=\"color: var( --e-global-color-text ); letter-spacing: 0px;\">\u00a0<\/strong><span style=\"color: var( --e-global-color-text ); letter-spacing: 0px;\">, en la p\u00e1gina de Acelera Pyme encontraras las convocatorias abiertas y en ellas el link para cada solicitud.<\/span><\/p>\t\t\t\t\t\t\t\t<\/div>\n\t\t\t\t<\/div>\n\t\t\t\t<div class=\"elementor-element elementor-element-082c734 elementor-widget elementor-widget-text-editor\" data-id=\"082c734\" data-element_type=\"widget\" data-e-type=\"widget\" data-settings=\"{&quot;ekit_we_effect_on&quot;:&quot;none&quot;}\" data-widget_type=\"text-editor.default\">\n\t\t\t\t<div class=\"elementor-widget-container\">\n\t\t\t\t\t\t\t\t\t<p>Realizar la solicitud del bono en <a href=\"https:\/\/sede.red.gob.es\/es\/procedimientos\/convocatoria-de-ayudas-destinadas-la-digitalizacion-de-empresas-del-segmento-iii\" target=\"_blank\" rel=\"noopener\">https:\/\/sede.red.gob.es\/es\/procedimientos\/convocatoria-de-ayudas-destinadas-la-digitalizacion-de-empresas-del-segmento-iii<\/a><br \/><span style=\"color: var( --e-global-color-text ); letter-spacing: 0px;\">Este link es para las empresas de <strong>0 a 2 trabajadores<\/strong>, en la p\u00e1gina de Acelera Pyme encontraras las convocatorias abiertas y en ellas el link para cada solicitud.<\/span><\/p>\t\t\t\t\t\t\t\t<\/div>\n\t\t\t\t<\/div>\n\t\t\t\t\t<\/div>\n\t\t<\/div>\n\t\t\t\t\t<\/div>\n\t\t<\/section>\n\t\t\t\t<section class=\"elementor-section elementor-top-section elementor-element elementor-element-d9f9971 elementor-section-boxed elementor-section-height-default elementor-section-height-default\" data-id=\"d9f9971\" data-element_type=\"section\" data-e-type=\"section\" data-settings=\"{&quot;ekit_has_onepagescroll_dot&quot;:&quot;yes&quot;}\">\n\t\t\t\t\t\t<div class=\"elementor-container elementor-column-gap-default\">\n\t\t\t\t\t<div class=\"elementor-column elementor-col-100 elementor-top-column elementor-element elementor-element-6dbe447\" data-id=\"6dbe447\" data-element_type=\"column\" data-e-type=\"column\">\n\t\t\t<div class=\"elementor-widget-wrap elementor-element-populated\">\n\t\t\t\t\t\t<div class=\"elementor-element elementor-element-89860c7 elementor-widget elementor-widget-heading\" data-id=\"89860c7\" data-element_type=\"widget\" data-e-type=\"widget\" data-settings=\"{&quot;ekit_we_effect_on&quot;:&quot;none&quot;}\" data-widget_type=\"heading.default\">\n\t\t\t\t<div class=\"elementor-widget-container\">\n\t\t\t\t\t<h2 class=\"elementor-heading-title elementor-size-default\">\u00bfY ahora qu\u00e9?<\/h2>\t\t\t\t<\/div>\n\t\t\t\t<\/div>\n\t\t\t\t<div class=\"elementor-element elementor-element-055299c elementor-widget elementor-widget-text-editor\" data-id=\"055299c\" data-element_type=\"widget\" data-e-type=\"widget\" data-settings=\"{&quot;ekit_we_effect_on&quot;:&quot;none&quot;}\" data-widget_type=\"text-editor.default\">\n\t\t\t\t<div class=\"elementor-widget-container\">\n\t\t\t\t\t\t\t\t\t<p>Deberemos ahora esperar a recibir la notificaci\u00f3n de la concesi\u00f3n del bono o la solicitud de subsanaci\u00f3n que deber\u00e1s solventar para que te lo concedan.<\/p>\t\t\t\t\t\t\t\t<\/div>\n\t\t\t\t<\/div>\n\t\t\t\t<div class=\"elementor-element elementor-element-d88092a elementor-widget elementor-widget-heading\" data-id=\"d88092a\" data-element_type=\"widget\" data-e-type=\"widget\" data-settings=\"{&quot;ekit_we_effect_on&quot;:&quot;none&quot;}\" data-widget_type=\"heading.default\">\n\t\t\t\t<div class=\"elementor-widget-container\">\n\t\t\t\t\t<h3 class=\"elementor-heading-title elementor-size-default\">Sin Prisas<\/h3>\t\t\t\t<\/div>\n\t\t\t\t<\/div>\n\t\t\t\t<div class=\"elementor-element elementor-element-c69a383 elementor-widget elementor-widget-text-editor\" data-id=\"c69a383\" data-element_type=\"widget\" data-e-type=\"widget\" data-settings=\"{&quot;ekit_we_effect_on&quot;:&quot;none&quot;}\" data-widget_type=\"text-editor.default\">\n\t\t\t\t<div class=\"elementor-widget-container\">\n\t\t\t\t\t\t\t\t\t<p>Una vez recibes la confirmaci\u00f3n, dispondremos de 6 meses para decidir como hacer uso del importe de la ayuda, as\u00ed como con que agentes queremos trabajar.<br><span style=\"color: var( --e-global-color-text ); letter-spacing: 0px;\">Recuerda que la&nbsp; eleccion del agente digitalizador es un paso muy importante ya que deber\u00e1 justificar la ayuda EN TU NOMBRE y ademas debera llevar a cabo el proyecto en los plazos establecidos (menos de 3 meses)<\/span><\/p>\t\t\t\t\t\t\t\t<\/div>\n\t\t\t\t<\/div>\n\t\t\t\t\t<\/div>\n\t\t<\/div>\n\t\t\t\t\t<\/div>\n\t\t<\/section>\n\t\t\t\t<section class=\"elementor-section elementor-top-section elementor-element elementor-element-d1d0aff elementor-section-boxed elementor-section-height-default elementor-section-height-default\" data-id=\"d1d0aff\" data-element_type=\"section\" data-e-type=\"section\" data-settings=\"{&quot;ekit_has_onepagescroll_dot&quot;:&quot;yes&quot;}\">\n\t\t\t\t\t\t<div class=\"elementor-container elementor-column-gap-default\">\n\t\t\t\t\t<div class=\"elementor-column elementor-col-100 elementor-top-column elementor-element elementor-element-5c55ad6\" data-id=\"5c55ad6\" data-element_type=\"column\" data-e-type=\"column\">\n\t\t\t<div class=\"elementor-widget-wrap elementor-element-populated\">\n\t\t\t\t\t\t<div class=\"elementor-element elementor-element-0dd73e3 elementor-widget elementor-widget-image\" data-id=\"0dd73e3\" data-element_type=\"widget\" data-e-type=\"widget\" data-settings=\"{&quot;ekit_we_effect_on&quot;:&quot;none&quot;}\" data-widget_type=\"image.default\">\n\t\t\t\t<div class=\"elementor-widget-container\">\n\t\t\t\t\t\t\t\t\t\t\t\t\t\t\t<img fetchpriority=\"high\" decoding=\"async\" width=\"800\" height=\"800\" src=\"https:\/\/or-design.org\/wp-content\/uploads\/2022\/02\/kit-digital-ayudas-1024x1024.png\" class=\"attachment-large size-large wp-image-7623\" alt=\"Kit Digital ayudas\" srcset=\"https:\/\/or-design.org\/wp-content\/uploads\/2022\/02\/kit-digital-ayudas-1024x1024.png 1024w, https:\/\/or-design.org\/wp-content\/uploads\/2022\/02\/kit-digital-ayudas-300x300.png 300w, https:\/\/or-design.org\/wp-content\/uploads\/2022\/02\/kit-digital-ayudas-150x150.png 150w, https:\/\/or-design.org\/wp-content\/uploads\/2022\/02\/kit-digital-ayudas-768x768.png 768w, https:\/\/or-design.org\/wp-content\/uploads\/2022\/02\/kit-digital-ayudas.png 1080w\" sizes=\"(max-width: 800px) 100vw, 800px\" \/>\t\t\t\t\t\t\t\t\t\t\t\t\t\t\t<\/div>\n\t\t\t\t<\/div>\n\t\t\t\t<div class=\"elementor-element elementor-element-479cdb9 elementor-widget elementor-widget-heading\" data-id=\"479cdb9\" data-element_type=\"widget\" data-e-type=\"widget\" data-settings=\"{&quot;ekit_we_effect_on&quot;:&quot;none&quot;}\" data-widget_type=\"heading.default\">\n\t\t\t\t<div class=\"elementor-widget-container\">\n\t\t\t\t\t<h2 class=\"elementor-heading-title elementor-size-default\">Qu\u00e9 informaci\u00f3n necesitar\u00e9 ....<\/h2>\t\t\t\t<\/div>\n\t\t\t\t<\/div>\n\t\t\t\t<div class=\"elementor-element elementor-element-2e1bf62 elementor-widget elementor-widget-heading\" data-id=\"2e1bf62\" data-element_type=\"widget\" data-e-type=\"widget\" data-settings=\"{&quot;ekit_we_effect_on&quot;:&quot;none&quot;}\" data-widget_type=\"heading.default\">\n\t\t\t\t<div class=\"elementor-widget-container\">\n\t\t\t\t\t<h3 class=\"elementor-heading-title elementor-size-default\">\u00bfCuantos trabajadores tengo?<\/h3>\t\t\t\t<\/div>\n\t\t\t\t<\/div>\n\t\t\t\t<div class=\"elementor-element elementor-element-6536a0f elementor-widget elementor-widget-text-editor\" data-id=\"6536a0f\" data-element_type=\"widget\" data-e-type=\"widget\" data-settings=\"{&quot;ekit_we_effect_on&quot;:&quot;none&quot;}\" data-widget_type=\"text-editor.default\">\n\t\t\t\t<div class=\"elementor-widget-container\">\n\t\t\t\t\t\t\t\t\t<p>A efectos de la ayuda el n\u00famero de trabajadores viene definido por la plantilla mediade 2021 seg\u00fan la Tesorer\u00eda de laSeguridad Social, tu asesor podr\u00e1 ayudarte a verficar este dato.<\/p>\t\t\t\t\t\t\t\t<\/div>\n\t\t\t\t<\/div>\n\t\t\t\t<div class=\"elementor-element elementor-element-979d72c elementor-widget elementor-widget-heading\" data-id=\"979d72c\" data-element_type=\"widget\" data-e-type=\"widget\" data-settings=\"{&quot;ekit_we_effect_on&quot;:&quot;none&quot;}\" data-widget_type=\"heading.default\">\n\t\t\t\t<div class=\"elementor-widget-container\">\n\t\t\t\t\t<h3 class=\"elementor-heading-title elementor-size-default\">Recopilando informaci\u00f3n<\/h3>\t\t\t\t<\/div>\n\t\t\t\t<\/div>\n\t\t\t\t<div class=\"elementor-element elementor-element-512acc9 elementor-widget elementor-widget-text-editor\" data-id=\"512acc9\" data-element_type=\"widget\" data-e-type=\"widget\" data-settings=\"{&quot;ekit_we_effect_on&quot;:&quot;none&quot;}\" data-widget_type=\"text-editor.default\">\n\t\t\t\t<div class=\"elementor-widget-container\">\n\t\t\t\t\t\t\t\t\t<p>Vas a necesitar disponer la informaci\u00f3n necesaria para rellenar la solicitud online. De nada sirve estar el primero para conectarse si luego tenemos que ir a buscar la informaci\u00f3n.\u00a0\u00a0<\/p><p>Basandonos en lo que fue la primera convocatoria, esta es la informaci\u00f3n que necesitaras para hacer t\u00fa mismo la solicitud.<\/p>\t\t\t\t\t\t\t\t<\/div>\n\t\t\t\t<\/div>\n\t\t\t\t<section class=\"elementor-section elementor-inner-section elementor-element elementor-element-9414431 elementor-section-boxed elementor-section-height-default elementor-section-height-default\" data-id=\"9414431\" data-element_type=\"section\" data-e-type=\"section\" data-settings=\"{&quot;ekit_has_onepagescroll_dot&quot;:&quot;yes&quot;}\">\n\t\t\t\t\t\t<div class=\"elementor-container elementor-column-gap-default\">\n\t\t\t\t\t<div class=\"elementor-column elementor-col-50 elementor-inner-column elementor-element elementor-element-60097b5\" data-id=\"60097b5\" data-element_type=\"column\" data-e-type=\"column\">\n\t\t\t<div class=\"elementor-widget-wrap elementor-element-populated\">\n\t\t\t\t\t\t<div class=\"elementor-element elementor-element-e59314f elementor-widget elementor-widget-text-editor\" data-id=\"e59314f\" data-element_type=\"widget\" data-e-type=\"widget\" data-settings=\"{&quot;ekit_we_effect_on&quot;:&quot;none&quot;}\" data-widget_type=\"text-editor.default\">\n\t\t\t\t<div class=\"elementor-widget-container\">\n\t\t\t\t\t\t\t\t\t<table width=\"640\"><tbody><tr><td width=\"640\">Empresa\/Persona en autoempleo<\/td><\/tr><tr><td>NIF<\/td><\/tr><tr><td>Raz\u00f3n Social\/Nombre del solicitante<\/td><\/tr><tr><td>Tel\u00e9fono m\u00f3vil<\/td><\/tr><tr><td>Email de contacto<\/td><\/tr><tr><td>Persona de contacto<\/td><\/tr><tr><td>Provincia de su domicilio fiscal<\/td><\/tr><\/tbody><\/table>\t\t\t\t\t\t\t\t<\/div>\n\t\t\t\t<\/div>\n\t\t\t\t<div class=\"elementor-element elementor-element-aa6018f elementor-widget elementor-widget-text-editor\" data-id=\"aa6018f\" data-element_type=\"widget\" data-e-type=\"widget\" data-settings=\"{&quot;ekit_we_effect_on&quot;:&quot;none&quot;}\" data-widget_type=\"text-editor.default\">\n\t\t\t\t<div class=\"elementor-widget-container\">\n\t\t\t\t\t\t\t\t\t<table width=\"640\"><tbody><tr><td width=\"640\">DATOS DE LAS ESCRITURAS<\/td><\/tr><tr><td>Nombre Notario<\/td><\/tr><tr><td>Apellido Notario<\/td><\/tr><tr><td>Apellido 2 Notario<\/td><\/tr><tr><td>Fecha<\/td><\/tr><tr><td>Protocolo<\/td><\/tr><\/tbody><\/table>\t\t\t\t\t\t\t\t<\/div>\n\t\t\t\t<\/div>\n\t\t\t\t\t<\/div>\n\t\t<\/div>\n\t\t\t\t<div class=\"elementor-column elementor-col-50 elementor-inner-column elementor-element elementor-element-3b2a0e4\" data-id=\"3b2a0e4\" data-element_type=\"column\" data-e-type=\"column\">\n\t\t\t<div class=\"elementor-widget-wrap elementor-element-populated\">\n\t\t\t\t\t\t<div class=\"elementor-element elementor-element-104535d elementor-widget elementor-widget-text-editor\" data-id=\"104535d\" data-element_type=\"widget\" data-e-type=\"widget\" data-settings=\"{&quot;ekit_we_effect_on&quot;:&quot;none&quot;}\" data-widget_type=\"text-editor.default\">\n\t\t\t\t<div class=\"elementor-widget-container\">\n\t\t\t\t\t\t\t\t\t<table width=\"640\"><tbody><tr><td width=\"640\">DATOS COMPLEMENTARIOS<\/td><\/tr><tr><td>Trabajador aut\u00f3nomo societario<\/td><\/tr><tr><td>Si la entidad solicitante tiene aut\u00f3nomos societarios que trabajen en la sociedad, indique el n\u00famero<\/td><\/tr><tr><td>Trabajador auton\u00f3mo societario I<\/td><\/tr><tr><td>NIF<\/td><\/tr><tr><td>NOMBRE\u00a0<\/td><\/tr><tr><td>APELLIDOS<\/td><\/tr><tr><td>Trabajador auton\u00f3mo societario II<\/td><\/tr><tr><td>NIF<\/td><\/tr><tr><td>NOMBRE\u00a0<\/td><\/tr><tr><td>APELLIDOS<\/td><\/tr><\/tbody><\/table>\t\t\t\t\t\t\t\t<\/div>\n\t\t\t\t<\/div>\n\t\t\t\t<div class=\"elementor-element elementor-element-f8ed97e elementor-widget elementor-widget-text-editor\" data-id=\"f8ed97e\" data-element_type=\"widget\" data-e-type=\"widget\" data-settings=\"{&quot;ekit_we_effect_on&quot;:&quot;none&quot;}\" data-widget_type=\"text-editor.default\">\n\t\t\t\t<div class=\"elementor-widget-container\">\n\t\t\t\t\t\t\t\t\t<table width=\"640\"><tbody><tr><td width=\"640\">DATOS DE MINIMIS<\/td><\/tr><tr><td>IAE<\/td><\/tr><tr><td>Importe en euros de las ayudas de minimis recibidas<\/td><\/tr><\/tbody><\/table>\t\t\t\t\t\t\t\t<\/div>\n\t\t\t\t<\/div>\n\t\t\t\t\t<\/div>\n\t\t<\/div>\n\t\t\t\t\t<\/div>\n\t\t<\/section>\n\t\t\t\t\t<\/div>\n\t\t<\/div>\n\t\t\t\t\t<\/div>\n\t\t<\/section>\n\t\t\t\t<section class=\"elementor-section elementor-top-section elementor-element elementor-element-2b9329e elementor-section-boxed elementor-section-height-default elementor-section-height-default\" data-id=\"2b9329e\" data-element_type=\"section\" data-e-type=\"section\" data-settings=\"{&quot;ekit_has_onepagescroll_dot&quot;:&quot;yes&quot;}\">\n\t\t\t\t\t\t<div class=\"elementor-container elementor-column-gap-default\">\n\t\t\t\t\t<div class=\"elementor-column elementor-col-100 elementor-top-column elementor-element elementor-element-d0492bf\" data-id=\"d0492bf\" data-element_type=\"column\" data-e-type=\"column\">\n\t\t\t<div class=\"elementor-widget-wrap elementor-element-populated\">\n\t\t\t\t\t\t<div class=\"elementor-element elementor-element-04d0bdf elementor-widget elementor-widget-text-editor\" data-id=\"04d0bdf\" data-element_type=\"widget\" data-e-type=\"widget\" data-settings=\"{&quot;ekit_we_effect_on&quot;:&quot;none&quot;}\" data-widget_type=\"text-editor.default\">\n\t\t\t\t<div class=\"elementor-widget-container\">\n\t\t\t\t\t\t\t\t\t<p>Esperamos que este art\u00edculo sea de tu inter\u00e9s. <strong>OR Design<\/strong> es una agencia de dise\u00f1o, desarrollo web\/de aplicaciones y marketing. \u00a1Llevamos 15 a\u00f1os especializados en el dise\u00f1o a medida! Ponte en contacto con nosotros para llevar a cabo las acciones recomendadas en\u00a0 este programa Kit Digital. \u00a1Estaremos encantados de ayudarte a expandirte internacionalmente!<\/p><p>Existe otra ayuda que se basa en el mismo principio: <a href=\"https:\/\/or-design.org\/programa-tic-camaras\/\" target=\"_blank\" rel=\"noopener\">el programa TIC C\u00e1maras<\/a>. Descubre tambi\u00e9n el Kit Digital: <a href=\"https:\/\/or-design.org\/ayuda-kit-digital\/\" rel=\"sponsored\">\u00bfC\u00f3mo beneficiar de la ayuda Kit Digital? [BONO DIGITAL]<\/a><\/p><p>\u00a0Por lo tanto, puedes beneficiarte de la ayuda para que tu empresa se impulse digitalmente. \u00a1Esperamos tu contacto! <img decoding=\"async\" class=\"emoji\" role=\"img\" draggable=\"false\" src=\"https:\/\/s.w.org\/images\/core\/emoji\/14.0.0\/svg\/1f609.svg\" alt=\"\ud83d\ude09\" \/><\/p>\t\t\t\t\t\t\t\t<\/div>\n\t\t\t\t<\/div>\n\t\t\t\t\t<\/div>\n\t\t<\/div>\n\t\t\t\t\t<\/div>\n\t\t<\/section>\n\t\t\t\t<section class=\"elementor-section elementor-top-section elementor-element elementor-element-4877334 elementor-section-boxed elementor-section-height-default elementor-section-height-default\" data-id=\"4877334\" data-element_type=\"section\" data-e-type=\"section\" data-settings=\"{&quot;ekit_has_onepagescroll_dot&quot;:&quot;yes&quot;}\">\n\t\t\t\t\t\t<div class=\"elementor-container elementor-column-gap-default\">\n\t\t\t\t\t<div class=\"elementor-column elementor-col-100 elementor-top-column elementor-element elementor-element-dac82af\" data-id=\"dac82af\" data-element_type=\"column\" data-e-type=\"column\">\n\t\t\t<div class=\"elementor-widget-wrap elementor-element-populated\">\n\t\t\t\t\t\t<div class=\"elementor-element elementor-element-62f8efe elementor-widget elementor-widget-spacer\" data-id=\"62f8efe\" data-element_type=\"widget\" data-e-type=\"widget\" data-settings=\"{&quot;ekit_we_effect_on&quot;:&quot;none&quot;}\" data-widget_type=\"spacer.default\">\n\t\t\t\t<div class=\"elementor-widget-container\">\n\t\t\t\t\t\t\t<div class=\"elementor-spacer\">\n\t\t\t<div class=\"elementor-spacer-inner\"><\/div>\n\t\t<\/div>\n\t\t\t\t\t\t<\/div>\n\t\t\t\t<\/div>\n\t\t\t\t\t<\/div>\n\t\t<\/div>\n\t\t\t\t\t<\/div>\n\t\t<\/section>\n\t\t\t\t<\/div>\n\t\t","protected":false},"excerpt":{"rendered":"<p>Para las empresas y aut\u00f3nomos espa\u00f1olas, hablaremos en este art\u00edculo de ayudas econ\u00f3micas conocidas como KIT DIGITAL. Estas ayudas econ\u00f3micas forman parte del programa Fondos Europeos Next Generation. \u00a1Solicita esta ayuda econ\u00f3mica para hasta el\u00a031\/12\/2024 a las 11h! \u00a0 QUIERO PEDIR EL KIT 1- La firma digital Lo primero es verificar que disponeis y teneis [&hellip;]<\/p>\n","protected":false},"author":5,"featured_media":8793,"comment_status":"closed","ping_status":"closed","sticky":false,"template":"","format":"standard","meta":{"inline_featured_image":false,"footnotes":""},"categories":[6],"tags":[],"class_list":["post-8744","post","type-post","status-publish","format-standard","has-post-thumbnail","hentry","category-diseno"],"_links":{"self":[{"href":"https:\/\/or-design.org\/fr\/wp-json\/wp\/v2\/posts\/8744","targetHints":{"allow":["GET"]}}],"collection":[{"href":"https:\/\/or-design.org\/fr\/wp-json\/wp\/v2\/posts"}],"about":[{"href":"https:\/\/or-design.org\/fr\/wp-json\/wp\/v2\/types\/post"}],"author":[{"embeddable":true,"href":"https:\/\/or-design.org\/fr\/wp-json\/wp\/v2\/users\/5"}],"replies":[{"embeddable":true,"href":"https:\/\/or-design.org\/fr\/wp-json\/wp\/v2\/comments?post=8744"}],"version-history":[{"count":0,"href":"https:\/\/or-design.org\/fr\/wp-json\/wp\/v2\/posts\/8744\/revisions"}],"wp:featuredmedia":[{"embeddable":true,"href":"https:\/\/or-design.org\/fr\/wp-json\/wp\/v2\/media\/8793"}],"wp:attachment":[{"href":"https:\/\/or-design.org\/fr\/wp-json\/wp\/v2\/media?parent=8744"}],"wp:term":[{"taxonomy":"category","embeddable":true,"href":"https:\/\/or-design.org\/fr\/wp-json\/wp\/v2\/categories?post=8744"},{"taxonomy":"post_tag","embeddable":true,"href":"https:\/\/or-design.org\/fr\/wp-json\/wp\/v2\/tags?post=8744"}],"curies":[{"name":"wp","href":"https:\/\/api.w.org\/{rel}","templated":true}]}}