{"id":7628,"date":"2022-02-18T11:29:48","date_gmt":"2022-02-18T11:29:48","guid":{"rendered":"https:\/\/or-design.org\/?p=7628"},"modified":"2022-11-28T12:50:05","modified_gmt":"2022-11-28T12:50:05","slug":"programa-tic-camaras","status":"publish","type":"post","link":"https:\/\/or-design.org\/fr\/programa-tic-camaras\/","title":{"rendered":"Programa TIC C\u00e1maras: todo lo que tienes que saber"},"content":{"rendered":"\t\t<div data-elementor-type=\"wp-post\" data-elementor-id=\"7628\" class=\"elementor elementor-7628\" data-elementor-post-type=\"post\">\n\t\t\t\t\t\t<section class=\"elementor-section elementor-top-section elementor-element elementor-element-4a7bcf8b elementor-section-boxed elementor-section-height-default elementor-section-height-default\" data-id=\"4a7bcf8b\" data-element_type=\"section\" data-e-type=\"section\" data-settings=\"{&quot;ekit_has_onepagescroll_dot&quot;:&quot;yes&quot;}\">\n\t\t\t\t\t\t<div class=\"elementor-container elementor-column-gap-default\">\n\t\t\t\t\t<div class=\"elementor-column elementor-col-50 elementor-top-column elementor-element elementor-element-6e7434fc\" data-id=\"6e7434fc\" data-element_type=\"column\" data-e-type=\"column\">\n\t\t\t<div class=\"elementor-widget-wrap elementor-element-populated\">\n\t\t\t\t\t\t<div class=\"elementor-element elementor-element-59f80c93 elementor-widget elementor-widget-heading\" data-id=\"59f80c93\" data-element_type=\"widget\" data-e-type=\"widget\" data-settings=\"{&quot;ekit_we_effect_on&quot;:&quot;none&quot;}\" data-widget_type=\"heading.default\">\n\t\t\t\t<div class=\"elementor-widget-container\">\n\t\t\t\t\t<h1 class=\"elementor-heading-title elementor-size-default\">Programa TIC C\u00e1maras: todo lo que tienes que saber<\/h1>\t\t\t\t<\/div>\n\t\t\t\t<\/div>\n\t\t\t\t\t<\/div>\n\t\t<\/div>\n\t\t\t\t<div class=\"elementor-column elementor-col-50 elementor-top-column elementor-element elementor-element-6425cba7\" data-id=\"6425cba7\" data-element_type=\"column\" data-e-type=\"column\">\n\t\t\t<div class=\"elementor-widget-wrap elementor-element-populated\">\n\t\t\t\t\t\t<div class=\"elementor-element elementor-element-3d54dae9 elementor-widget elementor-widget-image\" data-id=\"3d54dae9\" data-element_type=\"widget\" data-e-type=\"widget\" data-settings=\"{&quot;ekit_we_effect_on&quot;:&quot;none&quot;}\" data-widget_type=\"image.default\">\n\t\t\t\t<div class=\"elementor-widget-container\">\n\t\t\t\t\t\t\t\t\t\t\t\t\t\t\t<img fetchpriority=\"high\" decoding=\"async\" width=\"800\" height=\"799\" src=\"https:\/\/or-design.org\/wp-content\/uploads\/2022\/02\/ayuda-programa-tic-camaras.png\" class=\"attachment-large size-large wp-image-7753\" alt=\"Ayuda para el programa TIC C\u00e1maras\" srcset=\"https:\/\/or-design.org\/wp-content\/uploads\/2022\/02\/ayuda-programa-tic-camaras.png 889w, https:\/\/or-design.org\/wp-content\/uploads\/2022\/02\/ayuda-programa-tic-camaras-300x300.png 300w, https:\/\/or-design.org\/wp-content\/uploads\/2022\/02\/ayuda-programa-tic-camaras-150x150.png 150w, https:\/\/or-design.org\/wp-content\/uploads\/2022\/02\/ayuda-programa-tic-camaras-768x767.png 768w\" sizes=\"(max-width: 800px) 100vw, 800px\" \/>\t\t\t\t\t\t\t\t\t\t\t\t\t\t\t<\/div>\n\t\t\t\t<\/div>\n\t\t\t\t\t<\/div>\n\t\t<\/div>\n\t\t\t\t\t<\/div>\n\t\t<\/section>\n\t\t\t\t<section class=\"elementor-section elementor-top-section elementor-element elementor-element-5a9a98c7 elementor-section-boxed elementor-section-height-default elementor-section-height-default\" data-id=\"5a9a98c7\" data-element_type=\"section\" data-e-type=\"section\" data-settings=\"{&quot;ekit_has_onepagescroll_dot&quot;:&quot;yes&quot;}\">\n\t\t\t\t\t\t<div class=\"elementor-container elementor-column-gap-default\">\n\t\t\t\t\t<div class=\"elementor-column elementor-col-100 elementor-top-column elementor-element elementor-element-220e055f\" data-id=\"220e055f\" data-element_type=\"column\" data-e-type=\"column\">\n\t\t\t<div class=\"elementor-widget-wrap elementor-element-populated\">\n\t\t\t\t\t\t<div class=\"elementor-element elementor-element-bf6d110 elementor-widget elementor-widget-text-editor\" data-id=\"bf6d110\" data-element_type=\"widget\" data-e-type=\"widget\" data-settings=\"{&quot;ekit_we_effect_on&quot;:&quot;none&quot;}\" data-widget_type=\"text-editor.default\">\n\t\t\t\t<div class=\"elementor-widget-container\">\n\t\t\t\t\t\t\t\t\t<p>\u00a1Solicita el <strong>programa TIC C\u00e1maras<\/strong> a partir del <strong>23 de febrero de 2022 a las 9h<\/strong>! \u00bfEres una empresa o un aut\u00f3nomo y te gustar\u00eda obtener una ayuda econ\u00f3mica para impulsar digitalmente tu negocio? \u00a1Este art\u00edculo es para ti!<\/p><p>El Programa TIC C\u00e1maras est\u00e1 cofinanciado por el <strong>Fondo Europeo de Desarrollo Regional<\/strong> (FEDER &#8211; \u201cUna manera de hacer Europa\u201d) a trav\u00e9s del \u00ab\u00a0Programa Operativo Plurirregional de Espa\u00f1a FEDER 2014-2020\u00a0\u00bb. La C\u00e1mara de Comercio, Industria, Servicios y Navegaci\u00f3n de Espa\u00f1a y la C\u00e1mara de Comercio de Valencia participan.<\/p><p>Esta ayuda puede gastarse en nuestra agencia OR Design, para que puedas beneficiarte de nuestros diversos servicios e impulsar tu negocio.<\/p><p>\u00a1En este art\u00edculo detallaremos esta ayuda tan \u00fatil! Nos centraremos en el caso de Valencia.<\/p>\t\t\t\t\t\t\t\t<\/div>\n\t\t\t\t<\/div>\n\t\t\t\t<div class=\"elementor-element elementor-element-c7d108d elementor-widget elementor-widget-image\" data-id=\"c7d108d\" data-element_type=\"widget\" data-e-type=\"widget\" data-settings=\"{&quot;ekit_we_effect_on&quot;:&quot;none&quot;}\" data-widget_type=\"image.default\">\n\t\t\t\t<div class=\"elementor-widget-container\">\n\t\t\t\t\t\t\t\t\t\t\t\t\t\t\t<img decoding=\"async\" width=\"252\" height=\"115\" src=\"https:\/\/or-design.org\/wp-content\/uploads\/2022\/02\/logo-ticcamaras.png\" class=\"attachment-1536x1536 size-1536x1536 wp-image-7633\" alt=\"TIC C\u00e1mara logo\" \/>\t\t\t\t\t\t\t\t\t\t\t\t\t\t\t<\/div>\n\t\t\t\t<\/div>\n\t\t\t\t<div class=\"elementor-element elementor-element-5d7f59ad elementor-widget elementor-widget-heading\" data-id=\"5d7f59ad\" data-element_type=\"widget\" data-e-type=\"widget\" data-settings=\"{&quot;ekit_we_effect_on&quot;:&quot;none&quot;}\" data-widget_type=\"heading.default\">\n\t\t\t\t<div class=\"elementor-widget-container\">\n\t\t\t\t\t<h2 class=\"elementor-heading-title elementor-size-default\">Programa TIC C\u00e1maras y sus objetivos y ventajas<\/h2>\t\t\t\t<\/div>\n\t\t\t\t<\/div>\n\t\t\t\t<div class=\"elementor-element elementor-element-1a93f078 elementor-widget elementor-widget-text-editor\" data-id=\"1a93f078\" data-element_type=\"widget\" data-e-type=\"widget\" data-settings=\"{&quot;ekit_we_effect_on&quot;:&quot;none&quot;}\" data-widget_type=\"text-editor.default\">\n\t\t\t\t<div class=\"elementor-widget-container\">\n\t\t\t\t\t\t\t\t\t<p>Antes de contarte m\u00e1s sobre este aspecto, hablemos del presupuesto dedicado. Se ha concedido un importe de <strong>588.000 euros<\/strong> en el marco de la convocatoria TIC C\u00e1maras 2022 para peque\u00f1as y medianas <strong>empresas valencianas<\/strong>, \u201ccon lo que se prev\u00e9 una participaci\u00f3n estimada de 84 empresas\u201d (Fuentes: <a href=\"https:\/\/ticnegocios.camaravalencia.com\/ayudastic\/\" target=\"_blank\" rel=\"noopener\">Tic negocios C\u00e1mara Valencia<\/a>, <a href=\"https:\/\/ticnegocios.camaravalencia.com\/wp-content\/uploads\/2022\/02\/Publicacion_TICCamaras_2022.pdf\" target=\"_blank\" rel=\"noopener\">Anuncio de Convocatoria en el Bolet\u00edn Oficial de la Provincia de Valencia<\/a>).<\/p><p>En una frase, este programa TIC C\u00e1maras te permitir\u00e1 mejorar tu competitividad mediante la implantaci\u00f3n de soluciones digitales. \u00a1Pero eso no es todo!<\/p><p>La incorporaci\u00f3n de las <strong>TIC (Tecnolog\u00edas de la Informaci\u00f3n y de la Comunicaci\u00f3n)<\/strong> en tu empresa es fundamental para mantenerla en la era actual. Por lo tanto, esta subvenci\u00f3n te permitir\u00e1, en tu estrategia, integrar herramientas a favor de tu <strong>transformaci\u00f3n digital<\/strong>. Este impulso contribuir\u00e1 a la mejora de la competitividad de las pymes, microempresas y aut\u00f3nomos. Haz que tu negocio crezca solicitando esta subvenci\u00f3n f\u00e1cilmente a partir del 23\/02\/2022.<\/p><p>En cuanto a los beneficios de este programa \u00fanico, podemos decir que esta subvenci\u00f3n permite a las empresas y a los aut\u00f3nomos <strong>reducir costes y gastos, ahorrar tiempo y aumentar los ingresos a largo plazo<\/strong>. Adem\u00e1s, podemos citar la <strong>mejora la productividad y la gesti\u00f3n de los procesos<\/strong> con una inversi\u00f3n m\u00ednima. Por \u00faltimo, las empresas participantes ganar\u00e1n considerablemente en innovaci\u00f3n.<\/p>\t\t\t\t\t\t\t\t<\/div>\n\t\t\t\t<\/div>\n\t\t\t\t\t<\/div>\n\t\t<\/div>\n\t\t\t\t\t<\/div>\n\t\t<\/section>\n\t\t\t\t<section class=\"elementor-section elementor-top-section elementor-element elementor-element-74922ece elementor-section-boxed elementor-section-height-default elementor-section-height-default\" data-id=\"74922ece\" data-element_type=\"section\" data-e-type=\"section\" data-settings=\"{&quot;ekit_has_onepagescroll_dot&quot;:&quot;yes&quot;}\">\n\t\t\t\t\t\t<div class=\"elementor-container elementor-column-gap-default\">\n\t\t\t\t\t<div class=\"elementor-column elementor-col-100 elementor-top-column elementor-element elementor-element-17dd78bf\" data-id=\"17dd78bf\" data-element_type=\"column\" data-e-type=\"column\">\n\t\t\t<div class=\"elementor-widget-wrap elementor-element-populated\">\n\t\t\t\t\t\t<div class=\"elementor-element elementor-element-8a39b30 elementor-widget elementor-widget-heading\" data-id=\"8a39b30\" data-element_type=\"widget\" data-e-type=\"widget\" data-settings=\"{&quot;ekit_we_effect_on&quot;:&quot;none&quot;}\" data-widget_type=\"heading.default\">\n\t\t\t\t<div class=\"elementor-widget-container\">\n\t\t\t\t\t<h2 class=\"elementor-heading-title elementor-size-default\">\u00bfQui\u00e9n puede solicitar este ayuda? [REQUISITOS]<\/h2>\t\t\t\t<\/div>\n\t\t\t\t<\/div>\n\t\t\t\t<div class=\"elementor-element elementor-element-3d5e026a elementor-widget elementor-widget-text-editor\" data-id=\"3d5e026a\" data-element_type=\"widget\" data-e-type=\"widget\" data-settings=\"{&quot;ekit_we_effect_on&quot;:&quot;none&quot;}\" data-widget_type=\"text-editor.default\">\n\t\t\t\t<div class=\"elementor-widget-container\">\n\t\t\t\t\t\t\t\t\t<p>Las ayudas para la provincia de Valencia pueden recibirse en estas condiciones:<\/p><ul><li>\u201cSer una <strong>PYME<\/strong> o <strong>aut\u00f3nomo<\/strong>.\u201d<\/li><li>\u201cEstar <strong>dada de alta en el Censo IAE<\/strong>. Independientemente de los ep\u00edgrafes del IAE en los que est\u00e9n dadas de alta, quedan exceptuadas aquellas empresas que operen en los sectores de la pesca, la acuicultura, el carb\u00f3n y la producci\u00f3n primaria de los productos agr\u00edcolas que figuran en la lista del Anexo I del TFUE.\u201d<\/li><li>\u201cEstar <strong>al corriente de las obligaciones tributarias<\/strong> y frente a la Seguridad Social.\u201d<\/li><li>\u201cCumplir la <strong>norma de minimis<\/strong> (Reglamento n\u00ba 1407\/2013 de la Comisi\u00f3n, de 18 de diciembre de 2013, relativo a la aplicaci\u00f3n de los art\u00edculos 107 y 108 del Tratado de Funcionamiento de la Uni\u00f3n Europea a las ayudas de minimis), es decir, no haber recibido ayudas de cualquier Administraci\u00f3n P\u00fablica que sumadas sean superiores a 200.000 \u20ac en los \u00faltimos tres a\u00f1os, 100.000 euros en el caso de empresas que operen en el sector transporte por carretera.\u201d<\/li><li>\u201c<strong>No encontrarse incursa en ninguna de las prohibiciones<\/strong> a que hace referencia el art\u00edculo 13 de la Ley 38\/2003, de 17 de noviembre, General de Subvenciones, o normativa aplicable en la materia propia de la Comunidad Aut\u00f3noma correspondiente.\u201d<\/li><li><strong>\u201cTener su domicilio social y\/o centro productivo<\/strong> en alguno de los municipios de la demarcaci\u00f3n de la <strong>C\u00e1mara de Comercio de Valencia<\/strong>.\u201d<\/li><li>Poseer intenci\u00f3n de <strong>mejorar su competitividad<\/strong> a trav\u00e9s de la aplicaci\u00f3n de las TIC.<\/li><li><strong>\u201cNo haber resultado beneficiaria de la Fase II <\/strong>del Programa TIC C\u00e1maras en anteriores anualidades, con posterioridad al 31\/12\/2015.\u201d<\/li><li><strong>\u201cCumplir con los principios de publicidad, transparencia, concurrencia, confidencialidad, igualdad<\/strong> y no discriminaci\u00f3n en relaci\u00f3n la obligaci\u00f3n que le impone el art 31 de la Ley 38\/2003.\u201d<\/li><\/ul><p>Fuentes: <a href=\"https:\/\/sede.camara.es\/sede\/valencia\/tramites\/TR0000004008\" target=\"_blank\" rel=\"noopener\">Modelo Convocatoria TICC\u00e1maras<\/a>, <a href=\"https:\/\/ticnegocios.camaravalencia.com\/ayudastic\/\" target=\"_blank\" rel=\"noopener\">Tic negocios C\u00e1mara Valencia<\/a><\/p>\t\t\t\t\t\t\t\t<\/div>\n\t\t\t\t<\/div>\n\t\t\t\t\t<\/div>\n\t\t<\/div>\n\t\t\t\t\t<\/div>\n\t\t<\/section>\n\t\t\t\t<section class=\"elementor-section elementor-top-section elementor-element elementor-element-dd23fcb elementor-section-boxed elementor-section-height-default elementor-section-height-default\" data-id=\"dd23fcb\" data-element_type=\"section\" data-e-type=\"section\" data-settings=\"{&quot;ekit_has_onepagescroll_dot&quot;:&quot;yes&quot;}\">\n\t\t\t\t\t\t<div class=\"elementor-container elementor-column-gap-default\">\n\t\t\t\t\t<div class=\"elementor-column elementor-col-25 elementor-top-column elementor-element elementor-element-3e17c4e\" data-id=\"3e17c4e\" data-element_type=\"column\" data-e-type=\"column\">\n\t\t\t<div class=\"elementor-widget-wrap elementor-element-populated\">\n\t\t\t\t\t\t<div class=\"elementor-element elementor-element-318e374 elementor-widget elementor-widget-image\" data-id=\"318e374\" data-element_type=\"widget\" data-e-type=\"widget\" data-settings=\"{&quot;ekit_we_effect_on&quot;:&quot;none&quot;}\" data-widget_type=\"image.default\">\n\t\t\t\t<div class=\"elementor-widget-container\">\n\t\t\t\t\t\t\t\t\t\t\t\t\t\t\t<img decoding=\"async\" width=\"130\" height=\"115\" src=\"https:\/\/or-design.org\/wp-content\/uploads\/2022\/02\/union_europea.png\" class=\"attachment-large size-large wp-image-7644\" alt=\"Logo union europea tic c\u00e1mara\" \/>\t\t\t\t\t\t\t\t\t\t\t\t\t\t\t<\/div>\n\t\t\t\t<\/div>\n\t\t\t\t\t<\/div>\n\t\t<\/div>\n\t\t\t\t<div class=\"elementor-column elementor-col-25 elementor-top-column elementor-element elementor-element-d6f60c6\" data-id=\"d6f60c6\" data-element_type=\"column\" data-e-type=\"column\">\n\t\t\t<div class=\"elementor-widget-wrap elementor-element-populated\">\n\t\t\t\t\t\t<div class=\"elementor-element elementor-element-0c92863 elementor-widget elementor-widget-image\" data-id=\"0c92863\" data-element_type=\"widget\" data-e-type=\"widget\" data-settings=\"{&quot;ekit_we_effect_on&quot;:&quot;none&quot;}\" data-widget_type=\"image.default\">\n\t\t\t\t<div class=\"elementor-widget-container\">\n\t\t\t\t\t\t\t\t\t\t\t\t\t\t\t<img loading=\"lazy\" decoding=\"async\" width=\"252\" height=\"115\" src=\"https:\/\/or-design.org\/wp-content\/uploads\/2022\/02\/diputacion-valencia.png\" class=\"attachment-large size-large wp-image-7647\" alt=\"logo diputacion valencia tic c\u00e1mara\" \/>\t\t\t\t\t\t\t\t\t\t\t\t\t\t\t<\/div>\n\t\t\t\t<\/div>\n\t\t\t\t\t<\/div>\n\t\t<\/div>\n\t\t\t\t<div class=\"elementor-column elementor-col-25 elementor-top-column elementor-element elementor-element-06dc5dd\" data-id=\"06dc5dd\" data-element_type=\"column\" data-e-type=\"column\">\n\t\t\t<div class=\"elementor-widget-wrap elementor-element-populated\">\n\t\t\t\t\t\t<div class=\"elementor-element elementor-element-d48c718 elementor-widget elementor-widget-image\" data-id=\"d48c718\" data-element_type=\"widget\" data-e-type=\"widget\" data-settings=\"{&quot;ekit_we_effect_on&quot;:&quot;none&quot;}\" data-widget_type=\"image.default\">\n\t\t\t\t<div class=\"elementor-widget-container\">\n\t\t\t\t\t\t\t\t\t\t\t\t\t\t\t<img loading=\"lazy\" decoding=\"async\" width=\"267\" height=\"115\" src=\"https:\/\/or-design.org\/wp-content\/uploads\/2022\/02\/camara_espana.png\" class=\"attachment-large size-large wp-image-7650\" alt=\"logo camara espa\u00f1a tic c\u00e1mara\" \/>\t\t\t\t\t\t\t\t\t\t\t\t\t\t\t<\/div>\n\t\t\t\t<\/div>\n\t\t\t\t\t<\/div>\n\t\t<\/div>\n\t\t\t\t<div class=\"elementor-column elementor-col-25 elementor-top-column elementor-element elementor-element-ec1dfe7\" data-id=\"ec1dfe7\" data-element_type=\"column\" data-e-type=\"column\">\n\t\t\t<div class=\"elementor-widget-wrap elementor-element-populated\">\n\t\t\t\t\t\t<div class=\"elementor-element elementor-element-3553616 elementor-widget elementor-widget-image\" data-id=\"3553616\" data-element_type=\"widget\" data-e-type=\"widget\" data-settings=\"{&quot;ekit_we_effect_on&quot;:&quot;none&quot;}\" data-widget_type=\"image.default\">\n\t\t\t\t<div class=\"elementor-widget-container\">\n\t\t\t\t\t\t\t\t\t\t\t\t\t\t\t<img loading=\"lazy\" decoding=\"async\" width=\"252\" height=\"115\" src=\"https:\/\/or-design.org\/wp-content\/uploads\/2022\/02\/camara_valencia.png\" class=\"attachment-large size-large wp-image-7653\" alt=\"\" \/>\t\t\t\t\t\t\t\t\t\t\t\t\t\t\t<\/div>\n\t\t\t\t<\/div>\n\t\t\t\t\t<\/div>\n\t\t<\/div>\n\t\t\t\t\t<\/div>\n\t\t<\/section>\n\t\t\t\t<section class=\"elementor-section elementor-top-section elementor-element elementor-element-61be7c9f elementor-section-boxed elementor-section-height-default elementor-section-height-default\" data-id=\"61be7c9f\" data-element_type=\"section\" data-e-type=\"section\" data-settings=\"{&quot;ekit_has_onepagescroll_dot&quot;:&quot;yes&quot;}\">\n\t\t\t\t\t\t<div class=\"elementor-container elementor-column-gap-default\">\n\t\t\t\t\t<div class=\"elementor-column elementor-col-100 elementor-top-column elementor-element elementor-element-bb0959d\" data-id=\"bb0959d\" data-element_type=\"column\" data-e-type=\"column\">\n\t\t\t<div class=\"elementor-widget-wrap elementor-element-populated\">\n\t\t\t\t\t\t<div class=\"elementor-element elementor-element-44bb1265 elementor-widget elementor-widget-heading\" data-id=\"44bb1265\" data-element_type=\"widget\" data-e-type=\"widget\" data-settings=\"{&quot;ekit_we_effect_on&quot;:&quot;none&quot;}\" data-widget_type=\"heading.default\">\n\t\t\t\t<div class=\"elementor-widget-container\">\n\t\t\t\t\t<h2 class=\"elementor-heading-title elementor-size-default\">\u00bfC\u00f3mo puedes solicitar el programa TIC C\u00e1maras?<\/h2>\t\t\t\t<\/div>\n\t\t\t\t<\/div>\n\t\t\t\t<div class=\"elementor-element elementor-element-3456d242 elementor-widget elementor-widget-text-editor\" data-id=\"3456d242\" data-element_type=\"widget\" data-e-type=\"widget\" data-settings=\"{&quot;ekit_we_effect_on&quot;:&quot;none&quot;}\" data-widget_type=\"text-editor.default\">\n\t\t\t\t<div class=\"elementor-widget-container\">\n\t\t\t\t\t\t\t\t\t<p>2 fases principales:<\/p>\t\t\t\t\t\t\t\t<\/div>\n\t\t\t\t<\/div>\n\t\t\t\t<div class=\"elementor-element elementor-element-a140aaf elementor-widget elementor-widget-heading\" data-id=\"a140aaf\" data-element_type=\"widget\" data-e-type=\"widget\" data-settings=\"{&quot;ekit_we_effect_on&quot;:&quot;none&quot;}\" data-widget_type=\"heading.default\">\n\t\t\t\t<div class=\"elementor-widget-container\">\n\t\t\t\t\t<h3 class=\"elementor-heading-title elementor-size-default\">1-\tDiagn\u00f3stico Asistido de TIC (DAT)<\/h3>\t\t\t\t<\/div>\n\t\t\t\t<\/div>\n\t\t\t\t<div class=\"elementor-element elementor-element-fc19338 elementor-widget elementor-widget-text-editor\" data-id=\"fc19338\" data-element_type=\"widget\" data-e-type=\"widget\" data-settings=\"{&quot;ekit_we_effect_on&quot;:&quot;none&quot;}\" data-widget_type=\"text-editor.default\">\n\t\t\t\t<div class=\"elementor-widget-container\">\n\t\t\t\t\t\t\t\t\t<p>Este diagn\u00f3stico es una oportunidad para conocer el nivel de digitalizaci\u00f3n de su empresa. Esto permitir\u00e1 establecer \u00e1reas de mejora\/recomendaciones en t\u00e9rminos de soluciones digitales. Para ayudarte en este proceso, se te asignar\u00e1 un Asesor Tecnol\u00f3gico.<\/p><p>Dicho de otro modo, este diagn\u00f3stico permite comprender el nivel de competitividad de la empresa en su entorno econ\u00f3mico y de mercado.<\/p><p>Le diagnostic et les recommandations se centreront sur 3 grandes lignes d\u2019actuaction\u00a0:<\/p><ul><li>\u201c<strong>Utilizaci\u00f3n de las TIC<\/strong>: herramientas de productividad, ERP, CRM, cloud computing.<\/li><li><strong>Comercio Electr\u00f3nico<\/strong><\/li><li><strong>Marketing Digital<\/strong>: SEO, SEM, email marketing, anal\u00edtica web, social media, reputaci\u00f3n online, aplicaciones m\u00f3viles\u2026\u201d<\/li><\/ul><p>Fuente: <a href=\"https:\/\/ticnegocios.camaravalencia.com\/ayudastic\/\" target=\"_blank\" rel=\"noopener\">Tic negocios C\u00e1mara Valencia<\/a><\/p>\t\t\t\t\t\t\t\t<\/div>\n\t\t\t\t<\/div>\n\t\t\t\t<div class=\"elementor-element elementor-element-1079009 elementor-widget elementor-widget-heading\" data-id=\"1079009\" data-element_type=\"widget\" data-e-type=\"widget\" data-settings=\"{&quot;ekit_we_effect_on&quot;:&quot;none&quot;}\" data-widget_type=\"heading.default\">\n\t\t\t\t<div class=\"elementor-widget-container\">\n\t\t\t\t\t<h3 class=\"elementor-heading-title elementor-size-default\">2-\tPlan Personalizado e Implantaci\u00f3n (PPI)<\/h3>\t\t\t\t<\/div>\n\t\t\t\t<\/div>\n\t\t\t\t<div class=\"elementor-element elementor-element-5bd2869 elementor-widget elementor-widget-text-editor\" data-id=\"5bd2869\" data-element_type=\"widget\" data-e-type=\"widget\" data-settings=\"{&quot;ekit_we_effect_on&quot;:&quot;none&quot;}\" data-widget_type=\"text-editor.default\">\n\t\t\t\t<div class=\"elementor-widget-container\">\n\t\t\t\t\t\t\t\t\t<p>En esta \u00faltima fase, las empresas que hayan solicitado la ayuda podr\u00e1n elegir libremente su <strong>proveedor de soluciones TIC<\/strong> (externo a la C\u00e1mara). Estos proveedores se encargar\u00e1n de aplicar las soluciones establecidas durante el diagn\u00f3stico, las recomendaciones y el plan personalizado.<\/p><p>Se puede financiar un m\u00e1ximo de 7.000 euros, sin IVA. Se trata de una subvenci\u00f3n cofinanciada por el FEDER (50%) y la empresa beneficiaria (50%), independientemente del importe del gasto realizado.<\/p><p>Cosas importantes a tener en cuenta:<\/p><ul><li>Es la empresa beneficiaria la que debe <strong>prefinanciar<\/strong> todos los gastos (100%).<\/li><li>La empresa beneficiaria tiene que <strong>esperar a la admisi\u00f3n en la fase II<\/strong> (firma del acuerdo) para poner iniciar los gastos\/inversiones. Adem\u00e1s, estos gastos deben ser aprobados por la C\u00e1mara de Comercio, realizadas y pagadas dentro del periodo de vigencia establecido. Todas las pruebas de costes deben presentarse a trav\u00e9s de la plataforma prevista (para m\u00e1s informaci\u00f3n consulta el Anexo IV de la convocatoria).<\/li><li>Solo se aceptan <strong>facturas de proveedores<\/strong> para justificar los gastos.<\/li><li>Solo se admite una solicitud por empresa [o aut\u00f3nomo].<\/li><\/ul><p>Se aceptar\u00e1n solicitudes desde el <strong>23 de febrero de 2022 a las 9h hasta el 30 de septiembre<\/strong> a las 14h (o hasta que se agote el presupuesto inicial previsto). Para registrarte, dir\u00edgete a: <a href=\"https:\/\/sede.camara.es\/sede\/valencia\" target=\"_blank\" rel=\"noopener\">https:\/\/sede.camara.es\/sede\/valencia<\/a> \u00a0<\/p><p>Recuerda tener tu Certificado Digital y la aplicaci\u00f3n <a href=\"https:\/\/firmaelectronica.gob.es\/Home\/Descargas.html\" target=\"_blank\" rel=\"noopener\">AutoFirma<\/a>.<\/p><p>Adem\u00e1s, en el momento de la solicitud se pedir\u00e1n los siguientes <strong>documentos<\/strong>:<\/p><ul><li>\u201cDeclaraci\u00f3n responsable del cumplimiento de las condiciones de participaci\u00f3n y de ayudas (seg\u00fan Anexo II de esta convocatoria) \u201c<\/li><li>\u201cDNI (en caso de persona f\u00edsica) o DNI del firmante de la solicitud con poderes suficientes (en caso de persona jur\u00eddica) \u201c<\/li><li>\u201cEn el caso de personas jur\u00eddicas: Poder de representaci\u00f3n de la persona que presenta la solicitud (la persona firmante deber\u00e1 tener la condici\u00f3n de representante legal de la empresa) + Tarjeta de Identificaci\u00f3n Fiscal de la empresa.\u201d<\/li><\/ul><p>\u201cLas solicitudes de participaci\u00f3n y admisi\u00f3n de empresas al Programa TIC C\u00e1maras ser\u00e1n seleccionadas por <strong>estricto orden de registro de entrada<\/strong>.\u201d<\/p><p>Fuentes: <a href=\"https:\/\/ticnegocios.camaravalencia.com\/ayudastic\/\" target=\"_blank\" rel=\"noopener\">Tic negocios C\u00e1mara Valencia<\/a>,\u00a0<a href=\"https:\/\/ticnegocios.camaravalencia.com\/ayudastic\/\" target=\"_blank\" rel=\"noopener\">Tic negocios C\u00e1mara Valencia<\/a><\/p>\t\t\t\t\t\t\t\t<\/div>\n\t\t\t\t<\/div>\n\t\t\t\t\t<\/div>\n\t\t<\/div>\n\t\t\t\t\t<\/div>\n\t\t<\/section>\n\t\t\t\t<section class=\"elementor-section elementor-top-section elementor-element elementor-element-94c1470 elementor-section-boxed elementor-section-height-default elementor-section-height-default\" data-id=\"94c1470\" data-element_type=\"section\" data-e-type=\"section\" data-settings=\"{&quot;ekit_has_onepagescroll_dot&quot;:&quot;yes&quot;}\">\n\t\t\t\t\t\t<div class=\"elementor-container elementor-column-gap-default\">\n\t\t\t\t\t<div class=\"elementor-column elementor-col-100 elementor-top-column elementor-element elementor-element-ac6cc86\" data-id=\"ac6cc86\" data-element_type=\"column\" data-e-type=\"column\">\n\t\t\t<div class=\"elementor-widget-wrap elementor-element-populated\">\n\t\t\t\t\t\t<div class=\"elementor-element elementor-element-7a97aac elementor-widget elementor-widget-heading\" data-id=\"7a97aac\" data-element_type=\"widget\" data-e-type=\"widget\" data-settings=\"{&quot;ekit_we_effect_on&quot;:&quot;none&quot;}\" data-widget_type=\"heading.default\">\n\t\t\t\t<div class=\"elementor-widget-container\">\n\t\t\t\t\t<h2 class=\"elementor-heading-title elementor-size-default\">41 proyectos que pueden ser financiados por este programa<\/h2>\t\t\t\t<\/div>\n\t\t\t\t<\/div>\n\t\t\t\t\t<\/div>\n\t\t<\/div>\n\t\t\t\t\t<\/div>\n\t\t<\/section>\n\t\t\t\t<section class=\"elementor-section elementor-top-section elementor-element elementor-element-9096996 elementor-section-boxed elementor-section-height-default elementor-section-height-default\" data-id=\"9096996\" data-element_type=\"section\" data-e-type=\"section\" data-settings=\"{&quot;ekit_has_onepagescroll_dot&quot;:&quot;yes&quot;}\">\n\t\t\t\t\t\t<div class=\"elementor-container elementor-column-gap-default\">\n\t\t\t\t\t<div class=\"elementor-column elementor-col-100 elementor-top-column elementor-element elementor-element-3d9a997\" data-id=\"3d9a997\" data-element_type=\"column\" data-e-type=\"column\">\n\t\t\t<div class=\"elementor-widget-wrap elementor-element-populated\">\n\t\t\t\t\t\t<div class=\"elementor-element elementor-element-cdb4bcc elementor-widget elementor-widget-accordion\" data-id=\"cdb4bcc\" data-element_type=\"widget\" data-e-type=\"widget\" data-settings=\"{&quot;ekit_we_effect_on&quot;:&quot;none&quot;}\" data-widget_type=\"accordion.default\">\n\t\t\t\t<div class=\"elementor-widget-container\">\n\t\t\t\t\t\t\t<div class=\"elementor-accordion\">\n\t\t\t\t\t\t\t<div class=\"elementor-accordion-item\">\n\t\t\t\t\t<h2 id=\"elementor-tab-title-2151\" class=\"elementor-tab-title\" data-tab=\"1\" role=\"button\" aria-controls=\"elementor-tab-content-2151\" aria-expanded=\"false\">\n\t\t\t\t\t\t\t\t\t\t\t\t\t<span class=\"elementor-accordion-icon elementor-accordion-icon-right\" aria-hidden=\"true\">\n\t\t\t\t\t\t\t\t\t\t\t\t\t\t\t<span class=\"elementor-accordion-icon-closed\"><i class=\"fas fa-plus\"><\/i><\/span>\n\t\t\t\t\t\t\t\t<span class=\"elementor-accordion-icon-opened\"><i class=\"fas fa-minus\"><\/i><\/span>\n\t\t\t\t\t\t\t\t\t\t\t\t\t\t<\/span>\n\t\t\t\t\t\t\t\t\t\t\t\t<a class=\"elementor-accordion-title\" tabindex=\"0\">COMPETITIVIDAD Y PRODUCTIVIDAD<\/a>\n\t\t\t\t\t<\/h2>\n\t\t\t\t\t<div id=\"elementor-tab-content-2151\" class=\"elementor-tab-content elementor-clearfix\" data-tab=\"1\" role=\"region\" aria-labelledby=\"elementor-tab-title-2151\"><ol><li>Soluciones de gesti\u00f3n de cobros y pagos<\/li><li>Soluciones de contabilidad<\/li><li>Gesti\u00f3n de clientes (CRM)<\/li><li>Gesti\u00f3n integral (ERP)<\/li><li>Herramientas colaborativas<\/li><li>Soluciones de gesti\u00f3n espec\u00edfica de actividad hotelera<\/li><li>Soluciones de TPV para comercio<\/li><li>Soluciones de TPV para hosteler\u00eda<\/li><li>Prestaci\u00f3n de servicios a trav\u00e9s de dispositivos t\u00e1ctiles<\/li><li>Sistemas de fidelizaci\u00f3n<\/li><li>Se\u00f1al\u00e9tica digital en espacios f\u00edsicos<\/li><li>Sistema de gesti\u00f3n log\u00edstica y\/o flotas<\/li><li>Soluci\u00f3n de gesti\u00f3n de la trazabilidad<\/li><li>Gesti\u00f3n de Existencias y pedidos de almac\u00e9n<\/li><li>Soluciones IoT para control y monitorizaci\u00f3n de procesos empresariales<\/li><li>Soluci\u00f3n de captura y consulta de datos de campo<\/li><li>Sistema de prototipo r\u00e1pido, basado en una herramienta de dise\u00f1o asistido y apoyado en elementos hardware de impresi\u00f3n 3D.<\/li><li>Soluciones de Realidad Virtual para el dise\u00f1o de producto<\/li><li>Soluci\u00f3n para poner en marcha un plan de vigilancia e inteligencia competitiva adaptado a las necesidades de la empresa.<\/li><li>Soluci\u00f3n de business analytics que permita analizar de forma visual, en cuadros de mando personalizados, la informaci\u00f3n de la empresa.<\/li><li>Soluci\u00f3n para poner en marcha un sistema de centralita virtual basado en VoIP<\/li><li>Soluci\u00f3n para poner en marcha una red WiFi para clientes<\/li><li>Soluci\u00f3n Revenue Management<\/li><li>Soluciones Men\u00fa Engineering<\/li><li>Soluci\u00f3n Channel Manager<\/li><\/ol><\/div>\n\t\t\t\t<\/div>\n\t\t\t\t\t\t\t<div class=\"elementor-accordion-item\">\n\t\t\t\t\t<h2 id=\"elementor-tab-title-2152\" class=\"elementor-tab-title\" data-tab=\"2\" role=\"button\" aria-controls=\"elementor-tab-content-2152\" aria-expanded=\"false\">\n\t\t\t\t\t\t\t\t\t\t\t\t\t<span class=\"elementor-accordion-icon elementor-accordion-icon-right\" aria-hidden=\"true\">\n\t\t\t\t\t\t\t\t\t\t\t\t\t\t\t<span class=\"elementor-accordion-icon-closed\"><i class=\"fas fa-plus\"><\/i><\/span>\n\t\t\t\t\t\t\t\t<span class=\"elementor-accordion-icon-opened\"><i class=\"fas fa-minus\"><\/i><\/span>\n\t\t\t\t\t\t\t\t\t\t\t\t\t\t<\/span>\n\t\t\t\t\t\t\t\t\t\t\t\t<a class=\"elementor-accordion-title\" tabindex=\"0\">COMERCIO ELECTR\u00d3NICO<\/a>\n\t\t\t\t\t<\/h2>\n\t\t\t\t\t<div id=\"elementor-tab-content-2152\" class=\"elementor-tab-content elementor-clearfix\" data-tab=\"2\" role=\"region\" aria-labelledby=\"elementor-tab-title-2152\"><ol><li>Soluciones de comercio electr\u00f3nico<\/li><li>Incorporaci\u00f3n a plataformas de comercio electr\u00f3nico de terceros<\/li><li>Soluciones avanzadas para comercio electr\u00f3nico<\/li><\/ol><\/div>\n\t\t\t\t<\/div>\n\t\t\t\t\t\t\t<div class=\"elementor-accordion-item\">\n\t\t\t\t\t<h2 id=\"elementor-tab-title-2153\" class=\"elementor-tab-title\" data-tab=\"3\" role=\"button\" aria-controls=\"elementor-tab-content-2153\" aria-expanded=\"false\">\n\t\t\t\t\t\t\t\t\t\t\t\t\t<span class=\"elementor-accordion-icon elementor-accordion-icon-right\" aria-hidden=\"true\">\n\t\t\t\t\t\t\t\t\t\t\t\t\t\t\t<span class=\"elementor-accordion-icon-closed\"><i class=\"fas fa-plus\"><\/i><\/span>\n\t\t\t\t\t\t\t\t<span class=\"elementor-accordion-icon-opened\"><i class=\"fas fa-minus\"><\/i><\/span>\n\t\t\t\t\t\t\t\t\t\t\t\t\t\t<\/span>\n\t\t\t\t\t\t\t\t\t\t\t\t<a class=\"elementor-accordion-title\" tabindex=\"0\">MARKETING DIGITAL<\/a>\n\t\t\t\t\t<\/h2>\n\t\t\t\t\t<div id=\"elementor-tab-content-2153\" class=\"elementor-tab-content elementor-clearfix\" data-tab=\"3\" role=\"region\" aria-labelledby=\"elementor-tab-title-2153\"><ol><li>Incorporaci\u00f3n de establecimientos y servicios tur\u00edsticos en las principales centrales de reservas<\/li><li>Desarrollo de material promocional audiovisual para uso en Internet<\/li><li>Presencia web a trav\u00e9s de p\u00e1gina propia<\/li><li>Anal\u00edtica web<\/li><li>Dinamizaci\u00f3n de redes sociales<\/li><li>Servicio de promoci\u00f3n online mediante sistema de pago (SEM)<\/li><li>Soluciones de e-mail marketing<\/li><li>Sistemas de monitorizaci\u00f3n y gesti\u00f3n de la reputaci\u00f3n digital<\/li><li>Elaboraci\u00f3n de cat\u00e1logos digitales<\/li><li>Desarrollo de aplicaciones m\u00f3viles<\/li><li>Soluci\u00f3n para implantar un sistema WiFi tracking<\/li><li>Soluci\u00f3n para realizar acciones de marketing basadas en dispositivos m\u00f3viles<\/li><li>Soluciones IoT para control y optimizaci\u00f3n de puntos de venta<\/li><\/ol><\/div>\n\t\t\t\t<\/div>\n\t\t\t\t\t\t\t\t<\/div>\n\t\t\t\t\t\t<\/div>\n\t\t\t\t<\/div>\n\t\t\t\t<div class=\"elementor-element elementor-element-2544d85 elementor-widget elementor-widget-text-editor\" data-id=\"2544d85\" data-element_type=\"widget\" data-e-type=\"widget\" data-settings=\"{&quot;ekit_we_effect_on&quot;:&quot;none&quot;}\" data-widget_type=\"text-editor.default\">\n\t\t\t\t<div class=\"elementor-widget-container\">\n\t\t\t\t\t\t\t\t\t<p>Fuente: <a href=\"https:\/\/sede.camara.es\/sede\/valencia\/tramites\/TR0000004008\" target=\"_blank\" rel=\"noopener\">Modelo Convocatoria TICC\u00e1maras<\/a><\/p>\t\t\t\t\t\t\t\t<\/div>\n\t\t\t\t<\/div>\n\t\t\t\t<div class=\"elementor-element elementor-element-a9b16d7 elementor-widget elementor-widget-text-editor\" data-id=\"a9b16d7\" data-element_type=\"widget\" data-e-type=\"widget\" data-settings=\"{&quot;ekit_we_effect_on&quot;:&quot;none&quot;}\" data-widget_type=\"text-editor.default\">\n\t\t\t\t<div class=\"elementor-widget-container\">\n\t\t\t\t\t\t\t\t\t<p>Si quieres llevar a cabo otros proyectos que no figuran en la lista, deber\u00e1s solicitar permiso a la Unidad de Gesti\u00f3n del Programa de la C\u00e1mara de Espa\u00f1a quien evaluar\u00e1 si el proyecto se ajusta al programa TIC C\u00e1maras.<\/p>\t\t\t\t\t\t\t\t<\/div>\n\t\t\t\t<\/div>\n\t\t\t\t\t<\/div>\n\t\t<\/div>\n\t\t\t\t\t<\/div>\n\t\t<\/section>\n\t\t\t\t<section class=\"elementor-section elementor-top-section elementor-element elementor-element-daf02ea elementor-section-boxed elementor-section-height-default elementor-section-height-default\" data-id=\"daf02ea\" data-element_type=\"section\" data-e-type=\"section\" data-settings=\"{&quot;ekit_has_onepagescroll_dot&quot;:&quot;yes&quot;}\">\n\t\t\t\t\t\t<div class=\"elementor-container elementor-column-gap-default\">\n\t\t\t\t\t<div class=\"elementor-column elementor-col-100 elementor-top-column elementor-element elementor-element-0e549ef\" data-id=\"0e549ef\" data-element_type=\"column\" data-e-type=\"column\">\n\t\t\t<div class=\"elementor-widget-wrap elementor-element-populated\">\n\t\t\t\t\t\t<div class=\"elementor-element elementor-element-553df90 elementor-widget elementor-widget-text-editor\" data-id=\"553df90\" data-element_type=\"widget\" data-e-type=\"widget\" data-settings=\"{&quot;ekit_we_effect_on&quot;:&quot;none&quot;}\" data-widget_type=\"text-editor.default\">\n\t\t\t\t<div class=\"elementor-widget-container\">\n\t\t\t\t\t\t\t\t\t<p>\u00a1Elige a <strong>OR Design<\/strong> como proveedor de soluciones TIC para tu empresa con el programa TIC C\u00e1maras! Somos una agencia con a\u00f1os de experiencia en el sector de la digitalizaci\u00f3n. Acompa\u00f1amos y realizamos tu proyecto, sea cual sea. \u00bfQuieres saber m\u00e1s? \u00a1Ponte en contacto con nosotros hoy mismo!<\/p><p>En la misma l\u00ednea, hay otra ayuda m\u00e1s orientada al \u00e1mbito internacional, consulta nuestro art\u00edculo para m\u00e1s informaci\u00f3n: <a href=\"https:\/\/or-design.org\/programa-xpande-digital\/\" target=\"_blank\" rel=\"noopener\">el Programa Xpande digital<\/a>. Tambi\u00e9n existe el Kit Digital: <a href=\"https:\/\/or-design.org\/ayuda-kit-digital\/\" rel=\"sponsored\">\u00bfC\u00f3mo beneficiar de la ayuda Kit Digital? [BONO DIGITAL]<\/a><\/p><p>\u00a0<\/p>\t\t\t\t\t\t\t\t<\/div>\n\t\t\t\t<\/div>\n\t\t\t\t\t<\/div>\n\t\t<\/div>\n\t\t\t\t\t<\/div>\n\t\t<\/section>\n\t\t\t\t<section class=\"elementor-section elementor-top-section elementor-element elementor-element-a0b93b2 elementor-section-boxed elementor-section-height-default elementor-section-height-default\" data-id=\"a0b93b2\" data-element_type=\"section\" data-e-type=\"section\" data-settings=\"{&quot;ekit_has_onepagescroll_dot&quot;:&quot;yes&quot;}\">\n\t\t\t\t\t\t<div class=\"elementor-container elementor-column-gap-default\">\n\t\t\t\t\t<div class=\"elementor-column elementor-col-100 elementor-top-column elementor-element elementor-element-e32a2f1\" data-id=\"e32a2f1\" data-element_type=\"column\" data-e-type=\"column\">\n\t\t\t<div class=\"elementor-widget-wrap elementor-element-populated\">\n\t\t\t\t\t\t<div class=\"elementor-element elementor-element-a93cafd elementor-widget elementor-widget-spacer\" data-id=\"a93cafd\" data-element_type=\"widget\" data-e-type=\"widget\" data-settings=\"{&quot;ekit_we_effect_on&quot;:&quot;none&quot;}\" data-widget_type=\"spacer.default\">\n\t\t\t\t<div class=\"elementor-widget-container\">\n\t\t\t\t\t\t\t<div class=\"elementor-spacer\">\n\t\t\t<div class=\"elementor-spacer-inner\"><\/div>\n\t\t<\/div>\n\t\t\t\t\t\t<\/div>\n\t\t\t\t<\/div>\n\t\t\t\t\t<\/div>\n\t\t<\/div>\n\t\t\t\t\t<\/div>\n\t\t<\/section>\n\t\t\t\t<\/div>\n\t\t","protected":false},"excerpt":{"rendered":"<p>\u00a1Solicita el programa TIC C\u00e1maras a partir del 23 de febrero de 2022 a las 9h! \u00bfEres una empresa o un aut\u00f3nomo y te gustar\u00eda obtener una ayuda econ\u00f3mica para impulsar digitalmente tu negocio? \u00a1Este art\u00edculo es para ti! El Programa TIC C\u00e1maras est\u00e1 cofinanciado por el Fondo Europeo de Desarrollo Regional (FEDER &#8211; \u201cUna [&hellip;]<\/p>\n","protected":false},"author":1,"featured_media":7753,"comment_status":"closed","ping_status":"closed","sticky":false,"template":"","format":"standard","meta":{"inline_featured_image":false,"footnotes":""},"categories":[8,6,7],"tags":[],"class_list":["post-7628","post","type-post","status-publish","format-standard","has-post-thumbnail","hentry","category-desarrollo","category-diseno","category-marketing"],"_links":{"self":[{"href":"https:\/\/or-design.org\/fr\/wp-json\/wp\/v2\/posts\/7628","targetHints":{"allow":["GET"]}}],"collection":[{"href":"https:\/\/or-design.org\/fr\/wp-json\/wp\/v2\/posts"}],"about":[{"href":"https:\/\/or-design.org\/fr\/wp-json\/wp\/v2\/types\/post"}],"author":[{"embeddable":true,"href":"https:\/\/or-design.org\/fr\/wp-json\/wp\/v2\/users\/1"}],"replies":[{"embeddable":true,"href":"https:\/\/or-design.org\/fr\/wp-json\/wp\/v2\/comments?post=7628"}],"version-history":[{"count":0,"href":"https:\/\/or-design.org\/fr\/wp-json\/wp\/v2\/posts\/7628\/revisions"}],"wp:featuredmedia":[{"embeddable":true,"href":"https:\/\/or-design.org\/fr\/wp-json\/wp\/v2\/media\/7753"}],"wp:attachment":[{"href":"https:\/\/or-design.org\/fr\/wp-json\/wp\/v2\/media?parent=7628"}],"wp:term":[{"taxonomy":"category","embeddable":true,"href":"https:\/\/or-design.org\/fr\/wp-json\/wp\/v2\/categories?post=7628"},{"taxonomy":"post_tag","embeddable":true,"href":"https:\/\/or-design.org\/fr\/wp-json\/wp\/v2\/tags?post=7628"}],"curies":[{"name":"wp","href":"https:\/\/api.w.org\/{rel}","templated":true}]}}