{"id":8799,"date":"2022-09-21T15:56:43","date_gmt":"2022-09-21T15:56:43","guid":{"rendered":"https:\/\/or-design.org\/?p=8799"},"modified":"2022-09-23T09:06:50","modified_gmt":"2022-09-23T09:06:50","slug":"como-comenzar-el-proceso-de-transformacion-digital-en-tu-empresa","status":"publish","type":"post","link":"https:\/\/or-design.org\/en\/como-comenzar-el-proceso-de-transformacion-digital-en-tu-empresa\/","title":{"rendered":"\u00bfC\u00f3mo comenzar el proceso de transformaci\u00f3n digital en tu empresa?"},"content":{"rendered":"\t\t<div data-elementor-type=\"wp-post\" data-elementor-id=\"8799\" class=\"elementor elementor-8799\" data-elementor-post-type=\"post\">\n\t\t\t\t\t\t<section class=\"elementor-section elementor-top-section elementor-element elementor-element-24e347e elementor-section-boxed elementor-section-height-default elementor-section-height-default\" data-id=\"24e347e\" data-element_type=\"section\" data-e-type=\"section\" data-settings=\"{&quot;ekit_has_onepagescroll_dot&quot;:&quot;yes&quot;}\">\n\t\t\t\t\t\t<div class=\"elementor-container elementor-column-gap-default\">\n\t\t\t\t\t<div class=\"elementor-column elementor-col-50 elementor-top-column elementor-element elementor-element-1e167be\" data-id=\"1e167be\" data-element_type=\"column\" data-e-type=\"column\">\n\t\t\t<div class=\"elementor-widget-wrap elementor-element-populated\">\n\t\t\t\t\t\t<div class=\"elementor-element elementor-element-2a1f9c2 elementor-widget elementor-widget-heading\" data-id=\"2a1f9c2\" data-element_type=\"widget\" data-e-type=\"widget\" data-settings=\"{&quot;ekit_we_effect_on&quot;:&quot;none&quot;}\" data-widget_type=\"heading.default\">\n\t\t\t\t<div class=\"elementor-widget-container\">\n\t\t\t\t\t<h1 class=\"elementor-heading-title elementor-size-default\">\u00bfC\u00f3mo comenzar el proceso de transformaci\u00f3n digital en tu empresa?<\/h1>\t\t\t\t<\/div>\n\t\t\t\t<\/div>\n\t\t\t\t\t<\/div>\n\t\t<\/div>\n\t\t\t\t<div class=\"elementor-column elementor-col-50 elementor-top-column elementor-element elementor-element-6890cab\" data-id=\"6890cab\" data-element_type=\"column\" data-e-type=\"column\">\n\t\t\t<div class=\"elementor-widget-wrap elementor-element-populated\">\n\t\t\t\t\t\t<div class=\"elementor-element elementor-element-b108d5e elementor-widget elementor-widget-image\" data-id=\"b108d5e\" data-element_type=\"widget\" data-e-type=\"widget\" data-settings=\"{&quot;ekit_we_effect_on&quot;:&quot;none&quot;}\" data-widget_type=\"image.default\">\n\t\t\t\t<div class=\"elementor-widget-container\">\n\t\t\t\t\t\t\t\t\t\t\t\t\t\t\t<img fetchpriority=\"high\" decoding=\"async\" width=\"800\" height=\"800\" src=\"https:\/\/or-design.org\/wp-content\/uploads\/2022\/09\/transformacion-digital-blog-1024x1024.jpg\" class=\"attachment-large size-large wp-image-8809\" alt=\"\" srcset=\"https:\/\/or-design.org\/wp-content\/uploads\/2022\/09\/transformacion-digital-blog-1024x1024.jpg 1024w, https:\/\/or-design.org\/wp-content\/uploads\/2022\/09\/transformacion-digital-blog-300x300.jpg 300w, https:\/\/or-design.org\/wp-content\/uploads\/2022\/09\/transformacion-digital-blog-150x150.jpg 150w, https:\/\/or-design.org\/wp-content\/uploads\/2022\/09\/transformacion-digital-blog-768x768.jpg 768w, https:\/\/or-design.org\/wp-content\/uploads\/2022\/09\/transformacion-digital-blog.jpg 1080w\" sizes=\"(max-width: 800px) 100vw, 800px\" \/>\t\t\t\t\t\t\t\t\t\t\t\t\t\t\t<\/div>\n\t\t\t\t<\/div>\n\t\t\t\t\t<\/div>\n\t\t<\/div>\n\t\t\t\t\t<\/div>\n\t\t<\/section>\n\t\t\t\t<section class=\"elementor-section elementor-top-section elementor-element elementor-element-b72ec47 elementor-section-boxed elementor-section-height-default elementor-section-height-default\" data-id=\"b72ec47\" data-element_type=\"section\" data-e-type=\"section\" data-settings=\"{&quot;ekit_has_onepagescroll_dot&quot;:&quot;yes&quot;}\">\n\t\t\t\t\t\t<div class=\"elementor-container elementor-column-gap-default\">\n\t\t\t\t\t<div class=\"elementor-column elementor-col-100 elementor-top-column elementor-element elementor-element-96492a3\" data-id=\"96492a3\" data-element_type=\"column\" data-e-type=\"column\">\n\t\t\t<div class=\"elementor-widget-wrap elementor-element-populated\">\n\t\t\t\t\t\t<div class=\"elementor-element elementor-element-814d914 elementor-widget elementor-widget-text-editor\" data-id=\"814d914\" data-element_type=\"widget\" data-e-type=\"widget\" data-settings=\"{&quot;ekit_we_effect_on&quot;:&quot;none&quot;}\" data-widget_type=\"text-editor.default\">\n\t\t\t\t<div class=\"elementor-widget-container\">\n\t\t\t\t\t\t\t\t\t<p><span style=\"font-weight: 400;\">Normalmente, el proceso de transformaci\u00f3n digital de una empresa comienza siempre por <\/span><b>solventar las necesidades m\u00e1s inmediatas<\/b><span style=\"font-weight: 400;\">. Aunque en la actualidad existe una soluci\u00f3n tecnol\u00f3gica para casi todos los procesos de un negocio, algunas de ellas se presentan como las m\u00e1s esenciales. En ocasiones, su importancia vendr\u00e1 dada por la mejora en la operatividad y otras veces ser\u00e1 debido a la mejora de servicio de cara al cliente.\u00a0<\/span><\/p><p><span style=\"font-weight: 400;\">En este art\u00edculo queremos darte <\/span><b>algunos consejos y herramientas <\/b><span style=\"font-weight: 400;\">que se convertir\u00e1n en la clave para comenzar el proceso de transformaci\u00f3n digital en tu empresa con \u00e9xito.<\/span><\/p>\t\t\t\t\t\t\t\t<\/div>\n\t\t\t\t<\/div>\n\t\t\t\t\t<\/div>\n\t\t<\/div>\n\t\t\t\t\t<\/div>\n\t\t<\/section>\n\t\t\t\t<section class=\"elementor-section elementor-top-section elementor-element elementor-element-bf69212 elementor-section-boxed elementor-section-height-default elementor-section-height-default\" data-id=\"bf69212\" data-element_type=\"section\" data-e-type=\"section\" data-settings=\"{&quot;ekit_has_onepagescroll_dot&quot;:&quot;yes&quot;}\">\n\t\t\t\t\t\t<div class=\"elementor-container elementor-column-gap-default\">\n\t\t\t\t\t<div class=\"elementor-column elementor-col-100 elementor-top-column elementor-element elementor-element-5ac2189\" data-id=\"5ac2189\" data-element_type=\"column\" data-e-type=\"column\">\n\t\t\t<div class=\"elementor-widget-wrap elementor-element-populated\">\n\t\t\t\t\t\t<div class=\"elementor-element elementor-element-378683a elementor-widget elementor-widget-heading\" data-id=\"378683a\" data-element_type=\"widget\" data-e-type=\"widget\" data-settings=\"{&quot;ekit_we_effect_on&quot;:&quot;none&quot;}\" data-widget_type=\"heading.default\">\n\t\t\t\t<div class=\"elementor-widget-container\">\n\t\t\t\t\t<h2 class=\"elementor-heading-title elementor-size-default\">Utiliza un software de gesti\u00f3n para planificar tu proyecto\n<\/h2>\t\t\t\t<\/div>\n\t\t\t\t<\/div>\n\t\t\t\t<div class=\"elementor-element elementor-element-490b404 elementor-widget elementor-widget-text-editor\" data-id=\"490b404\" data-element_type=\"widget\" data-e-type=\"widget\" data-settings=\"{&quot;ekit_we_effect_on&quot;:&quot;none&quot;}\" data-widget_type=\"text-editor.default\">\n\t\t\t\t<div class=\"elementor-widget-container\">\n\t\t\t\t\t\t\t\t\t<p><span style=\"font-weight: 400;\">La transformaci\u00f3n digital incluye muchos aspectos que deben ser considerados antes de implementar cualquier estrategia. <\/span><b>Aunque todos los procesos pueden llegar a optimizarse, eso no significa que se deban manejar de manera informal y descuidada<\/b><span style=\"font-weight: 400;\">. De hecho, una buena planificaci\u00f3n permite que todos los procesos fluyan de la manera correcta.\u00a0<\/span><\/p><p><span style=\"font-weight: 400;\">Si en este punto los l\u00edderes del proyecto de transformaci\u00f3n est\u00e1n familiarizados con la tecnolog\u00eda, entonces una buena idea puede ser comenzar con un <\/span><b>gestor digital de tareas y proyectos<\/b><span style=\"font-weight: 400;\">. De este modo, poco a poco se podr\u00e1n digitalizar otros recursos e incluir a los empleados seg\u00fan se requiera. Por otra parte, este tipo de herramientas ofrecen numerosas sugerencias que pueden resultar valiosas para llevar a cabo cualquier proyecto de manera exitosa.\u00a0<\/span><\/p><p><span style=\"font-weight: 400;\">Sin embargo, puede suceder que nadie en la empresa est\u00e9 familiarizado con estas herramientas. En estos casos, <\/span><b>el proceso puede comenzar de manera mixta<\/b><span style=\"font-weight: 400;\">, es decir, combinando herramientas f\u00edsicas con el gestor de proyectos digital.\u00a0<\/span><\/p><p><span style=\"font-weight: 400;\">Adem\u00e1s, es importante que cualquier plan de transformaci\u00f3n digital incluya las diferentes <\/span><b>fases con las que diferenciar y evaluar el avance de implementaci\u00f3n<\/b><span style=\"font-weight: 400;\">, as\u00ed como canalizar los esfuerzos en el momento adecuado.\u00a0<\/span><\/p>\t\t\t\t\t\t\t\t<\/div>\n\t\t\t\t<\/div>\n\t\t\t\t\t<\/div>\n\t\t<\/div>\n\t\t\t\t\t<\/div>\n\t\t<\/section>\n\t\t\t\t<section class=\"elementor-section elementor-top-section elementor-element elementor-element-af17589 elementor-section-boxed elementor-section-height-default elementor-section-height-default\" data-id=\"af17589\" data-element_type=\"section\" data-e-type=\"section\" data-settings=\"{&quot;ekit_has_onepagescroll_dot&quot;:&quot;yes&quot;}\">\n\t\t\t\t\t\t<div class=\"elementor-container elementor-column-gap-default\">\n\t\t\t\t\t<div class=\"elementor-column elementor-col-100 elementor-top-column elementor-element elementor-element-a3582f4\" data-id=\"a3582f4\" data-element_type=\"column\" data-e-type=\"column\">\n\t\t\t<div class=\"elementor-widget-wrap elementor-element-populated\">\n\t\t\t\t\t\t<div class=\"elementor-element elementor-element-68435ec elementor-widget elementor-widget-heading\" data-id=\"68435ec\" data-element_type=\"widget\" data-e-type=\"widget\" data-settings=\"{&quot;ekit_we_effect_on&quot;:&quot;none&quot;}\" data-widget_type=\"heading.default\">\n\t\t\t\t<div class=\"elementor-widget-container\">\n\t\t\t\t\t<h2 class=\"elementor-heading-title elementor-size-default\">Detecta las principales \u00e1reas que necesitan digitalizarse\n<\/h2>\t\t\t\t<\/div>\n\t\t\t\t<\/div>\n\t\t\t\t<div class=\"elementor-element elementor-element-aa9b3ec elementor-widget elementor-widget-text-editor\" data-id=\"aa9b3ec\" data-element_type=\"widget\" data-e-type=\"widget\" data-settings=\"{&quot;ekit_we_effect_on&quot;:&quot;none&quot;}\" data-widget_type=\"text-editor.default\">\n\t\t\t\t<div class=\"elementor-widget-container\">\n\t\t\t\t\t\t\t\t\t<p><span style=\"font-weight: 400;\">Cada empresa e industria tiene <\/span><b>\u00e1reas que requieren m\u00e1s atenci\u00f3n<\/b><span style=\"font-weight: 400;\"> en el proceso de transformaci\u00f3n digital.\u00a0<\/span><\/p><p><span style=\"font-weight: 400;\">En este sentido, es importante detectar las partes que se ver\u00edan <\/span><b>m\u00e1s favorecidas al implementar la digitalizaci\u00f3n<\/b><span style=\"font-weight: 400;\">. Un buen momento para hacerlo es cuando creamos el proyecto. Pero si con el avance del mismo se detectan nuevas \u00e1reas, tambi\u00e9n se pueden ir integrando y modernizando.\u00a0<\/span><\/p>\t\t\t\t\t\t\t\t<\/div>\n\t\t\t\t<\/div>\n\t\t\t\t\t<\/div>\n\t\t<\/div>\n\t\t\t\t\t<\/div>\n\t\t<\/section>\n\t\t\t\t<section class=\"elementor-section elementor-top-section elementor-element elementor-element-00fc82e elementor-section-boxed elementor-section-height-default elementor-section-height-default\" data-id=\"00fc82e\" data-element_type=\"section\" data-e-type=\"section\" data-settings=\"{&quot;ekit_has_onepagescroll_dot&quot;:&quot;yes&quot;}\">\n\t\t\t\t\t\t<div class=\"elementor-container elementor-column-gap-default\">\n\t\t\t\t\t<div class=\"elementor-column elementor-col-100 elementor-top-column elementor-element elementor-element-b00112d\" data-id=\"b00112d\" data-element_type=\"column\" data-e-type=\"column\">\n\t\t\t<div class=\"elementor-widget-wrap elementor-element-populated\">\n\t\t\t\t\t\t<div class=\"elementor-element elementor-element-d81d4ad elementor-widget elementor-widget-heading\" data-id=\"d81d4ad\" data-element_type=\"widget\" data-e-type=\"widget\" data-settings=\"{&quot;ekit_we_effect_on&quot;:&quot;none&quot;}\" data-widget_type=\"heading.default\">\n\t\t\t\t<div class=\"elementor-widget-container\">\n\t\t\t\t\t<h2 class=\"elementor-heading-title elementor-size-default\">C\u00e9ntrate en la comunicaci\u00f3n de tu empresa\n<\/h2>\t\t\t\t<\/div>\n\t\t\t\t<\/div>\n\t\t\t\t<div class=\"elementor-element elementor-element-bc1d85a elementor-widget elementor-widget-text-editor\" data-id=\"bc1d85a\" data-element_type=\"widget\" data-e-type=\"widget\" data-settings=\"{&quot;ekit_we_effect_on&quot;:&quot;none&quot;}\" data-widget_type=\"text-editor.default\">\n\t\t\t\t<div class=\"elementor-widget-container\">\n\t\t\t\t\t\t\t\t\t<p><span style=\"font-weight: 400;\">Sin duda alguna, <\/span><b>la comunicaci\u00f3n es uno de los factores m\u00e1s beneficiados con el uso de las nuevas tecnolog\u00edas<\/b><span style=\"font-weight: 400;\">. De hecho, los clientes y proveedores est\u00e1n altamente familiarizados con ellas, por lo que demandan diversos canales de contacto y comunicaci\u00f3n. Afortunadamente, existen herramientas digitales que ya ofrecen soluciones integrales para satisfacer esta demanda. Algunas de ellas incluyen:<\/span><\/p>\t\t\t\t\t\t\t\t<\/div>\n\t\t\t\t<\/div>\n\t\t\t\t<div class=\"elementor-element elementor-element-d4817a2 elementor-widget elementor-widget-heading\" data-id=\"d4817a2\" data-element_type=\"widget\" data-e-type=\"widget\" data-settings=\"{&quot;ekit_we_effect_on&quot;:&quot;none&quot;}\" data-widget_type=\"heading.default\">\n\t\t\t\t<div class=\"elementor-widget-container\">\n\t\t\t\t\t<h3 class=\"elementor-heading-title elementor-size-default\">Sistemas de videoconferencia\n<\/h3>\t\t\t\t<\/div>\n\t\t\t\t<\/div>\n\t\t\t\t<div class=\"elementor-element elementor-element-6ab425d elementor-widget elementor-widget-text-editor\" data-id=\"6ab425d\" data-element_type=\"widget\" data-e-type=\"widget\" data-settings=\"{&quot;ekit_we_effect_on&quot;:&quot;none&quot;}\" data-widget_type=\"text-editor.default\">\n\t\t\t\t<div class=\"elementor-widget-container\">\n\t\t\t\t\t\t\t\t\t<p><span style=\"font-weight: 400;\">Es importante tener en cuenta que no siempre es posible garantizar reuniones presenciales con los clientes, proveedores, e incluso con los empleados. De esta forma, para mantener la cercan\u00eda y el contacto con ellos, los <\/span><b>sistemas de videoconferencia<\/b><span style=\"font-weight: 400;\"> se han convertido en una pieza clave en el proceso de transformaci\u00f3n digital en las empresas.\u00a0<\/span><\/p>\t\t\t\t\t\t\t\t<\/div>\n\t\t\t\t<\/div>\n\t\t\t\t<div class=\"elementor-element elementor-element-6ef1099 elementor-widget elementor-widget-heading\" data-id=\"6ef1099\" data-element_type=\"widget\" data-e-type=\"widget\" data-settings=\"{&quot;ekit_we_effect_on&quot;:&quot;none&quot;}\" data-widget_type=\"heading.default\">\n\t\t\t\t<div class=\"elementor-widget-container\">\n\t\t\t\t\t<h3 class=\"elementor-heading-title elementor-size-default\">Aplicaciones de mensajer\u00eda instant\u00e1nea\n\n<\/h3>\t\t\t\t<\/div>\n\t\t\t\t<\/div>\n\t\t\t\t<div class=\"elementor-element elementor-element-4e338a6 elementor-widget elementor-widget-text-editor\" data-id=\"4e338a6\" data-element_type=\"widget\" data-e-type=\"widget\" data-settings=\"{&quot;ekit_we_effect_on&quot;:&quot;none&quot;}\" data-widget_type=\"text-editor.default\">\n\t\t\t\t<div class=\"elementor-widget-container\">\n\t\t\t\t\t\t\t\t\t<p><span style=\"font-weight: 400;\">Otro de los aspectos claves de la digitalizaci\u00f3n empresarial es el <\/span><b>uso de aplicaciones de mensajer\u00eda instant\u00e1nea<\/b><span style=\"font-weight: 400;\">, como WhatsApp, Telegram o chats en vivo, para facilitar el contacto con los clientes. Su facilidad de uso las ha convertido en los medios preferidos en su relaci\u00f3n con las empresas, por lo que incluirlos dentro de nuestra estrategia de digitalizaci\u00f3n nos ayudar\u00e1 a tener \u00e9xito.<\/span><\/p>\t\t\t\t\t\t\t\t<\/div>\n\t\t\t\t<\/div>\n\t\t\t\t<div class=\"elementor-element elementor-element-a323f0d elementor-widget elementor-widget-heading\" data-id=\"a323f0d\" data-element_type=\"widget\" data-e-type=\"widget\" data-settings=\"{&quot;ekit_we_effect_on&quot;:&quot;none&quot;}\" data-widget_type=\"heading.default\">\n\t\t\t\t<div class=\"elementor-widget-container\">\n\t\t\t\t\t<h3 class=\"elementor-heading-title elementor-size-default\">Centralita telef\u00f3nica virtual\n<\/h3>\t\t\t\t<\/div>\n\t\t\t\t<\/div>\n\t\t\t\t<div class=\"elementor-element elementor-element-52ef0a6 elementor-widget elementor-widget-text-editor\" data-id=\"52ef0a6\" data-element_type=\"widget\" data-e-type=\"widget\" data-settings=\"{&quot;ekit_we_effect_on&quot;:&quot;none&quot;}\" data-widget_type=\"text-editor.default\">\n\t\t\t\t<div class=\"elementor-widget-container\">\n\t\t\t\t\t\t\t\t\t<span style=\"font-weight: 400;\">La <a href=\"https:\/\/www.fonvirtual.com\/centralita-telefonica\/\" target=\"_blank\" rel=\"noopener\">centralita telef\u00f3nica<\/a> actual, a diferencia de la tradicional, funciona con tecnolog\u00eda WebRTC y nos permite gestionar todas nuestras <\/span><b>comunicaciones de voz, chat y v\u00eddeo desde cualquier lugar y cualquier dispositivo con conexi\u00f3n a Internet<\/b><span style=\"font-weight: 400;\">. En una \u00e9poca en la que la movilidad y el teletrabajo se han convertido en parte de nuestro d\u00eda a d\u00eda, estas herramientas son un elemento fundamental para comenzar el proceso de transformaci\u00f3n digital en nuestra empresa.\u00a0<\/span>\t\t\t\t\t\t\t\t<\/div>\n\t\t\t\t<\/div>\n\t\t\t\t\t<\/div>\n\t\t<\/div>\n\t\t\t\t\t<\/div>\n\t\t<\/section>\n\t\t\t\t<section class=\"elementor-section elementor-top-section elementor-element elementor-element-d218ff3 elementor-section-boxed elementor-section-height-default elementor-section-height-default\" data-id=\"d218ff3\" data-element_type=\"section\" data-e-type=\"section\" data-settings=\"{&quot;ekit_has_onepagescroll_dot&quot;:&quot;yes&quot;}\">\n\t\t\t\t\t\t<div class=\"elementor-container elementor-column-gap-default\">\n\t\t\t\t\t<div class=\"elementor-column elementor-col-100 elementor-top-column elementor-element elementor-element-8827a50\" data-id=\"8827a50\" data-element_type=\"column\" data-e-type=\"column\">\n\t\t\t<div class=\"elementor-widget-wrap elementor-element-populated\">\n\t\t\t\t\t\t<div class=\"elementor-element elementor-element-1471049 elementor-widget elementor-widget-heading\" data-id=\"1471049\" data-element_type=\"widget\" data-e-type=\"widget\" data-settings=\"{&quot;ekit_we_effect_on&quot;:&quot;none&quot;}\" data-widget_type=\"heading.default\">\n\t\t\t\t<div class=\"elementor-widget-container\">\n\t\t\t\t\t<h2 class=\"elementor-heading-title elementor-size-default\">Forma a tus trabajadores\n<\/h2>\t\t\t\t<\/div>\n\t\t\t\t<\/div>\n\t\t\t\t<div class=\"elementor-element elementor-element-ee7cbee elementor-widget elementor-widget-text-editor\" data-id=\"ee7cbee\" data-element_type=\"widget\" data-e-type=\"widget\" data-settings=\"{&quot;ekit_we_effect_on&quot;:&quot;none&quot;}\" data-widget_type=\"text-editor.default\">\n\t\t\t\t<div class=\"elementor-widget-container\">\n\t\t\t\t\t\t\t\t\t<p><span style=\"font-weight: 400;\">Debemos tener presente que la transformaci\u00f3n digital <\/span><b>no solo abarca procesos y dispositivos<\/b><span style=\"font-weight: 400;\">. El equipo humano que deber\u00e1 hacer frente al uso de nuevas herramientas juega un papel fundamental. Ahora bien, para asegurar que no haya resistencia a los cambios y entiendan el proceso, es necesario proporcionarles la formaci\u00f3n adecuada.\u00a0<\/span><\/p><p><span style=\"font-weight: 400;\">En algunos casos ser\u00e1 necesario informar sobre procesos tecnol\u00f3gicos en general. Pero en otros casos es necesario formarlos en lo que se refiere al uso de herramientas espec\u00edficas. En cualquier caso, es importante ser consciente de que <\/span><b>el proceso debe ser cont\u00ednuo<\/b><span style=\"font-weight: 400;\"> a medida que se implemente cada herramienta, pero tambi\u00e9n es importante no abrumar a los empleados con una gran cantidad de informaci\u00f3n.\u00a0<\/span><\/p>\t\t\t\t\t\t\t\t<\/div>\n\t\t\t\t<\/div>\n\t\t\t\t\t<\/div>\n\t\t<\/div>\n\t\t\t\t\t<\/div>\n\t\t<\/section>\n\t\t\t\t<section class=\"elementor-section elementor-top-section elementor-element elementor-element-792b9b4 elementor-section-boxed elementor-section-height-default elementor-section-height-default\" data-id=\"792b9b4\" data-element_type=\"section\" data-e-type=\"section\" data-settings=\"{&quot;ekit_has_onepagescroll_dot&quot;:&quot;yes&quot;}\">\n\t\t\t\t\t\t<div class=\"elementor-container elementor-column-gap-default\">\n\t\t\t\t\t<div class=\"elementor-column elementor-col-100 elementor-top-column elementor-element elementor-element-9114081\" data-id=\"9114081\" data-element_type=\"column\" data-e-type=\"column\">\n\t\t\t<div class=\"elementor-widget-wrap elementor-element-populated\">\n\t\t\t\t\t\t<div class=\"elementor-element elementor-element-5d4df16 elementor-widget elementor-widget-heading\" data-id=\"5d4df16\" data-element_type=\"widget\" data-e-type=\"widget\" data-settings=\"{&quot;ekit_we_effect_on&quot;:&quot;none&quot;}\" data-widget_type=\"heading.default\">\n\t\t\t\t<div class=\"elementor-widget-container\">\n\t\t\t\t\t<h2 class=\"elementor-heading-title elementor-size-default\">Utiliza herramientas aptas para el teletrabajo\n<\/h2>\t\t\t\t<\/div>\n\t\t\t\t<\/div>\n\t\t\t\t<div class=\"elementor-element elementor-element-32457ff elementor-widget elementor-widget-text-editor\" data-id=\"32457ff\" data-element_type=\"widget\" data-e-type=\"widget\" data-settings=\"{&quot;ekit_we_effect_on&quot;:&quot;none&quot;}\" data-widget_type=\"text-editor.default\">\n\t\t\t\t<div class=\"elementor-widget-container\">\n\t\t\t\t\t\t\t\t\t<p><span style=\"font-weight: 400;\">Es evidente que la pandemia pill\u00f3 desprevenidas a muchas empresas. Pero otras estaban listas porque ya estaban altamente digitalizadas. No obstante, el mercado tambi\u00e9n respondi\u00f3 r\u00e1pidamente con la <\/span><b>creaci\u00f3n de nuevas herramientas<\/b><span style=\"font-weight: 400;\">. Es as\u00ed como la mayor\u00eda de compa\u00f1\u00edas empresas comenzaron a tomar nota del ahorro y los beneficios que pueden lograr con esta modalidad de trabajo.\u00a0<\/span><\/p><p><span style=\"font-weight: 400;\">Por otro lado, los empleados ya reconocen las ventajas que les ofrecen y demandan cada vez m\u00e1s <\/span><b>jornadas mixtas<\/b><span style=\"font-weight: 400;\"> que combinen trabajo presencial y remoto. Debido a esto, las empresas que lo ofrezcan se convertir\u00e1n en las mejores del mercado, ya que tendr\u00e1n la capacidad de atraer el mejor talento.\u00a0<\/span><\/p><p><span style=\"font-weight: 400;\">Para aprovechar esta tendencia es necesario prepararse con <\/span><b>herramientas digitales que favorezcan el teletrabajo<\/b><span style=\"font-weight: 400;\">. En la mayor\u00eda de los casos, ser\u00e1n sistemas de <\/span><a href=\"https:\/\/www.fonvirtual.com\/telefonia-para-empresas\/\" target=\"_blank\" rel=\"noopener\" data-wplink-edit=\"true\"><span style=\"font-weight: 400;\">telefon\u00eda para empresas<\/span><\/a><span style=\"font-weight: 400;\"> que permitan a todos los trabajadores estar siempre conectados entre ellos.\u00a0<\/span><\/p>\t\t\t\t\t\t\t\t<\/div>\n\t\t\t\t<\/div>\n\t\t\t\t\t<\/div>\n\t\t<\/div>\n\t\t\t\t\t<\/div>\n\t\t<\/section>\n\t\t\t\t<section class=\"elementor-section elementor-top-section elementor-element elementor-element-15505f4 elementor-section-boxed elementor-section-height-default elementor-section-height-default\" data-id=\"15505f4\" data-element_type=\"section\" data-e-type=\"section\" data-settings=\"{&quot;ekit_has_onepagescroll_dot&quot;:&quot;yes&quot;}\">\n\t\t\t\t\t\t<div class=\"elementor-container elementor-column-gap-default\">\n\t\t\t\t\t<div class=\"elementor-column elementor-col-100 elementor-top-column elementor-element elementor-element-cab482b\" data-id=\"cab482b\" data-element_type=\"column\" data-e-type=\"column\">\n\t\t\t<div class=\"elementor-widget-wrap elementor-element-populated\">\n\t\t\t\t\t\t<div class=\"elementor-element elementor-element-bdd500c elementor-widget elementor-widget-heading\" data-id=\"bdd500c\" data-element_type=\"widget\" data-e-type=\"widget\" data-settings=\"{&quot;ekit_we_effect_on&quot;:&quot;none&quot;}\" data-widget_type=\"heading.default\">\n\t\t\t\t<div class=\"elementor-widget-container\">\n\t\t\t\t\t<h2 class=\"elementor-heading-title elementor-size-default\">En definitiva\u2026\n\n<\/h2>\t\t\t\t<\/div>\n\t\t\t\t<\/div>\n\t\t\t\t<div class=\"elementor-element elementor-element-32b5a28 elementor-widget elementor-widget-text-editor\" data-id=\"32b5a28\" data-element_type=\"widget\" data-e-type=\"widget\" data-settings=\"{&quot;ekit_we_effect_on&quot;:&quot;none&quot;}\" data-widget_type=\"text-editor.default\">\n\t\t\t\t<div class=\"elementor-widget-container\">\n\t\t\t\t\t\t\t\t\t<p><b>La digitalizaci\u00f3n no es un tema que deba tomarse a la ligera<\/b><span style=\"font-weight: 400;\">. No es conveniente dejarse llevar por la amplia oferta de herramientas que ofrece el mercado, sino que es importante evaluar cada una en detalle. As\u00ed, es importante que est\u00e9 bien planificada para obtener todos sus beneficios y evitar posibles frustraciones con los resultados. <\/span><\/p>\t\t\t\t\t\t\t\t<\/div>\n\t\t\t\t<\/div>\n\t\t\t\t\t<\/div>\n\t\t<\/div>\n\t\t\t\t\t<\/div>\n\t\t<\/section>\n\t\t\t\t<\/div>\n\t\t","protected":false},"excerpt":{"rendered":"<p>Normalmente, el proceso de transformaci\u00f3n digital de una empresa comienza siempre por solventar las necesidades m\u00e1s inmediatas. Aunque en la actualidad existe una soluci\u00f3n tecnol\u00f3gica para casi todos los procesos de un negocio, algunas de ellas se presentan como las m\u00e1s esenciales. En ocasiones, su importancia vendr\u00e1 dada por la mejora en la operatividad y [&hellip;]<\/p>\n","protected":false},"author":1,"featured_media":8809,"comment_status":"closed","ping_status":"closed","sticky":false,"template":"","format":"standard","meta":{"inline_featured_image":false,"footnotes":""},"categories":[6],"tags":[],"class_list":["post-8799","post","type-post","status-publish","format-standard","has-post-thumbnail","hentry","category-diseno"],"_links":{"self":[{"href":"https:\/\/or-design.org\/en\/wp-json\/wp\/v2\/posts\/8799","targetHints":{"allow":["GET"]}}],"collection":[{"href":"https:\/\/or-design.org\/en\/wp-json\/wp\/v2\/posts"}],"about":[{"href":"https:\/\/or-design.org\/en\/wp-json\/wp\/v2\/types\/post"}],"author":[{"embeddable":true,"href":"https:\/\/or-design.org\/en\/wp-json\/wp\/v2\/users\/1"}],"replies":[{"embeddable":true,"href":"https:\/\/or-design.org\/en\/wp-json\/wp\/v2\/comments?post=8799"}],"version-history":[{"count":0,"href":"https:\/\/or-design.org\/en\/wp-json\/wp\/v2\/posts\/8799\/revisions"}],"wp:featuredmedia":[{"embeddable":true,"href":"https:\/\/or-design.org\/en\/wp-json\/wp\/v2\/media\/8809"}],"wp:attachment":[{"href":"https:\/\/or-design.org\/en\/wp-json\/wp\/v2\/media?parent=8799"}],"wp:term":[{"taxonomy":"category","embeddable":true,"href":"https:\/\/or-design.org\/en\/wp-json\/wp\/v2\/categories?post=8799"},{"taxonomy":"post_tag","embeddable":true,"href":"https:\/\/or-design.org\/en\/wp-json\/wp\/v2\/tags?post=8799"}],"curies":[{"name":"wp","href":"https:\/\/api.w.org\/{rel}","templated":true}]}}