{"id":7769,"date":"2022-02-23T07:39:43","date_gmt":"2022-02-23T07:39:43","guid":{"rendered":"https:\/\/or-design.org\/?p=7769"},"modified":"2022-11-28T12:49:42","modified_gmt":"2022-11-28T12:49:42","slug":"programa-xpande-digital","status":"publish","type":"post","link":"https:\/\/or-design.org\/en\/programa-xpande-digital\/","title":{"rendered":"\u00bfC\u00f3mo solicitar el Programa Xpande digital 2022?"},"content":{"rendered":"\t\t<div data-elementor-type=\"wp-post\" data-elementor-id=\"7769\" class=\"elementor elementor-7769\" data-elementor-post-type=\"post\">\n\t\t\t\t\t\t<section class=\"elementor-section elementor-top-section elementor-element elementor-element-251ab35f elementor-section-boxed elementor-section-height-default elementor-section-height-default\" data-id=\"251ab35f\" data-element_type=\"section\" data-e-type=\"section\" data-settings=\"{&quot;ekit_has_onepagescroll_dot&quot;:&quot;yes&quot;}\">\n\t\t\t\t\t\t<div class=\"elementor-container elementor-column-gap-default\">\n\t\t\t\t\t<div class=\"elementor-column elementor-col-50 elementor-top-column elementor-element elementor-element-7196a9c1\" data-id=\"7196a9c1\" data-element_type=\"column\" data-e-type=\"column\">\n\t\t\t<div class=\"elementor-widget-wrap elementor-element-populated\">\n\t\t\t\t\t\t<div class=\"elementor-element elementor-element-4f37c624 elementor-widget elementor-widget-heading\" data-id=\"4f37c624\" data-element_type=\"widget\" data-e-type=\"widget\" data-settings=\"{&quot;ekit_we_effect_on&quot;:&quot;none&quot;}\" data-widget_type=\"heading.default\">\n\t\t\t\t<div class=\"elementor-widget-container\">\n\t\t\t\t\t<h1 class=\"elementor-heading-title elementor-size-default\">\u00bfC\u00f3mo solicitar el Programa Xpande digital 2022?<\/h1>\t\t\t\t<\/div>\n\t\t\t\t<\/div>\n\t\t\t\t\t<\/div>\n\t\t<\/div>\n\t\t\t\t<div class=\"elementor-column elementor-col-50 elementor-top-column elementor-element elementor-element-6165805a\" data-id=\"6165805a\" data-element_type=\"column\" data-e-type=\"column\">\n\t\t\t<div class=\"elementor-widget-wrap elementor-element-populated\">\n\t\t\t\t\t\t<div class=\"elementor-element elementor-element-46b17db7 elementor-widget elementor-widget-image\" data-id=\"46b17db7\" data-element_type=\"widget\" data-e-type=\"widget\" data-settings=\"{&quot;ekit_we_effect_on&quot;:&quot;none&quot;}\" data-widget_type=\"image.default\">\n\t\t\t\t<div class=\"elementor-widget-container\">\n\t\t\t\t\t\t\t\t\t\t\t\t\t\t\t<img fetchpriority=\"high\" decoding=\"async\" width=\"800\" height=\"799\" src=\"https:\/\/or-design.org\/wp-content\/uploads\/2022\/02\/ayuda-programa-xpande-digital-2022-1.png\" class=\"attachment-large size-large wp-image-7800\" alt=\"Ayudas programa Xpande Digital\" srcset=\"https:\/\/or-design.org\/wp-content\/uploads\/2022\/02\/ayuda-programa-xpande-digital-2022-1.png 888w, https:\/\/or-design.org\/wp-content\/uploads\/2022\/02\/ayuda-programa-xpande-digital-2022-1-300x300.png 300w, https:\/\/or-design.org\/wp-content\/uploads\/2022\/02\/ayuda-programa-xpande-digital-2022-1-150x150.png 150w, https:\/\/or-design.org\/wp-content\/uploads\/2022\/02\/ayuda-programa-xpande-digital-2022-1-768x767.png 768w\" sizes=\"(max-width: 800px) 100vw, 800px\" \/>\t\t\t\t\t\t\t\t\t\t\t\t\t\t\t<\/div>\n\t\t\t\t<\/div>\n\t\t\t\t\t<\/div>\n\t\t<\/div>\n\t\t\t\t\t<\/div>\n\t\t<\/section>\n\t\t\t\t<section class=\"elementor-section elementor-top-section elementor-element elementor-element-4d6dce1a elementor-section-boxed elementor-section-height-default elementor-section-height-default\" data-id=\"4d6dce1a\" data-element_type=\"section\" data-e-type=\"section\" data-settings=\"{&quot;ekit_has_onepagescroll_dot&quot;:&quot;yes&quot;}\">\n\t\t\t\t\t\t<div class=\"elementor-container elementor-column-gap-default\">\n\t\t\t\t\t<div class=\"elementor-column elementor-col-100 elementor-top-column elementor-element elementor-element-18553d63\" data-id=\"18553d63\" data-element_type=\"column\" data-e-type=\"column\">\n\t\t\t<div class=\"elementor-widget-wrap elementor-element-populated\">\n\t\t\t\t\t\t<div class=\"elementor-element elementor-element-75ee177b elementor-widget elementor-widget-text-editor\" data-id=\"75ee177b\" data-element_type=\"widget\" data-e-type=\"widget\" data-settings=\"{&quot;ekit_we_effect_on&quot;:&quot;none&quot;}\" data-widget_type=\"text-editor.default\">\n\t\t\t\t<div class=\"elementor-widget-container\">\n\t\t\t\t\t\t\t\t\t<p>Para las empresas y aut\u00f3nomos de Valencia, hablaremos en este art\u00edculo de ayudas econ\u00f3micas para el desarrollo de planes de marketing digital con visi\u00f3n internacional. Estas ayudas econ\u00f3micas forman parte del programa <strong>Xpande Digital para el a\u00f1o 2022<\/strong>.<\/p><p>\u201cLa C\u00e1mara Oficial de Comercio, Industria, Servicios y Navegaci\u00f3n de Espa\u00f1a, junto con la C\u00e1mara de Comercio, Industria y Servicios de Valencia, han puesto en marcha el Programa Xpande Digital en el marco del eje 3 del Programa Operativo Plurirregional de Espa\u00f1a 2014-2020.\u201d (Fuente: <a href=\"https:\/\/sede.camara.es\/sede\/valencia\/tramites\/TR0000004007\" target=\"_blank\" rel=\"noopener\">Anexo 06\u00aa convocatoria de ayudas modalidad ordinaria<\/a>).<\/p><p>\u00a1Solicita esta ayuda econ\u00f3mica a partir del <strong>24\/02\/2022 a las 9h<\/strong>!<\/p>\t\t\t\t\t\t\t\t<\/div>\n\t\t\t\t<\/div>\n\t\t\t\t\t<\/div>\n\t\t<\/div>\n\t\t\t\t\t<\/div>\n\t\t<\/section>\n\t\t\t\t<section class=\"elementor-section elementor-top-section elementor-element elementor-element-f76b62a elementor-section-boxed elementor-section-height-default elementor-section-height-default\" data-id=\"f76b62a\" data-element_type=\"section\" data-e-type=\"section\" data-settings=\"{&quot;ekit_has_onepagescroll_dot&quot;:&quot;yes&quot;}\">\n\t\t\t\t\t\t<div class=\"elementor-container elementor-column-gap-default\">\n\t\t\t\t\t<div class=\"elementor-column elementor-col-100 elementor-top-column elementor-element elementor-element-d425303\" data-id=\"d425303\" data-element_type=\"column\" data-e-type=\"column\">\n\t\t\t<div class=\"elementor-widget-wrap elementor-element-populated\">\n\t\t\t\t\t\t<div class=\"elementor-element elementor-element-638f0b57 elementor-widget elementor-widget-heading\" data-id=\"638f0b57\" data-element_type=\"widget\" data-e-type=\"widget\" data-settings=\"{&quot;ekit_we_effect_on&quot;:&quot;none&quot;}\" data-widget_type=\"heading.default\">\n\t\t\t\t<div class=\"elementor-widget-container\">\n\t\t\t\t\t<h2 class=\"elementor-heading-title elementor-size-default\">Xpande Digital 2022: \u00bfQu\u00e9 es exactamente?<\/h2>\t\t\t\t<\/div>\n\t\t\t\t<\/div>\n\t\t\t\t<div class=\"elementor-element elementor-element-b595162 elementor-widget elementor-widget-text-editor\" data-id=\"b595162\" data-element_type=\"widget\" data-e-type=\"widget\" data-settings=\"{&quot;ekit_we_effect_on&quot;:&quot;none&quot;}\" data-widget_type=\"text-editor.default\">\n\t\t\t\t<div class=\"elementor-widget-container\">\n\t\t\t\t\t\t\t\t\t<p>\u00bfConoces el <strong>programa Xpande Digital<\/strong>? Se trata de un asesoramiento personalizado y una ayuda financiera para mejorar la internacionalizaci\u00f3n de las empresas (micro, peque\u00f1as y medianas) y de los aut\u00f3nomos, as\u00ed como su capacidad para trabajar en el mundo digital en general. Esta mejora se realiza a trav\u00e9s de <strong>los Planes de Acci\u00f3n de Marketing Digital Internacional<\/strong>.<\/p><p>En otras palabras, este programa permite a las empresas aplicar un<a href=\"https:\/\/or-design.org\/agencia-de-marketing-en-valencia\/\" target=\"_blank\" rel=\"noopener\"> plan de marketing digital<\/a> en un contexto internacional (mercado extranjero).<\/p><p>La convocatoria especifica que algunos pa\u00edses est\u00e1n excluidos \u201cpor la dificultad y complejidad t\u00e9cnica que suponen para el desarrollo del programa\u201d:<\/p><ul><li>BANGLADESH<\/li><li>MALASIA<\/li><li>CHINA<\/li><li>PAKIST\u00c1N<\/li><li>INDONESIA<\/li><li>SINGAPUR<\/li><li>JAP\u00d3N<\/li><li>VIETNAM<\/li><\/ul>\t\t\t\t\t\t\t\t<\/div>\n\t\t\t\t<\/div>\n\t\t\t\t<div class=\"elementor-element elementor-element-a5f0b66 elementor-widget elementor-widget-image\" data-id=\"a5f0b66\" data-element_type=\"widget\" data-e-type=\"widget\" data-settings=\"{&quot;ekit_we_effect_on&quot;:&quot;none&quot;}\" data-widget_type=\"image.default\">\n\t\t\t\t<div class=\"elementor-widget-container\">\n\t\t\t\t\t\t\t\t\t\t\t\t\t\t\t<img decoding=\"async\" width=\"600\" height=\"202\" src=\"https:\/\/or-design.org\/wp-content\/uploads\/2022\/02\/xpande-digital.png\" class=\"attachment-large size-large wp-image-7779\" alt=\"xpande digital logo\" srcset=\"https:\/\/or-design.org\/wp-content\/uploads\/2022\/02\/xpande-digital.png 600w, https:\/\/or-design.org\/wp-content\/uploads\/2022\/02\/xpande-digital-300x101.png 300w\" sizes=\"(max-width: 600px) 100vw, 600px\" \/>\t\t\t\t\t\t\t\t\t\t\t\t\t\t\t<\/div>\n\t\t\t\t<\/div>\n\t\t\t\t\t<\/div>\n\t\t<\/div>\n\t\t\t\t\t<\/div>\n\t\t<\/section>\n\t\t\t\t<section class=\"elementor-section elementor-top-section elementor-element elementor-element-81e79ea elementor-section-boxed elementor-section-height-default elementor-section-height-default\" data-id=\"81e79ea\" data-element_type=\"section\" data-e-type=\"section\" data-settings=\"{&quot;ekit_has_onepagescroll_dot&quot;:&quot;yes&quot;}\">\n\t\t\t\t\t\t<div class=\"elementor-container elementor-column-gap-default\">\n\t\t\t\t\t<div class=\"elementor-column elementor-col-100 elementor-top-column elementor-element elementor-element-e4ca4cb\" data-id=\"e4ca4cb\" data-element_type=\"column\" data-e-type=\"column\">\n\t\t\t<div class=\"elementor-widget-wrap elementor-element-populated\">\n\t\t\t\t\t\t<div class=\"elementor-element elementor-element-3f896e9 elementor-widget elementor-widget-heading\" data-id=\"3f896e9\" data-element_type=\"widget\" data-e-type=\"widget\" data-settings=\"{&quot;ekit_we_effect_on&quot;:&quot;none&quot;}\" data-widget_type=\"heading.default\">\n\t\t\t\t<div class=\"elementor-widget-container\">\n\t\t\t\t\t<h3 class=\"elementor-heading-title elementor-size-default\">1-\tAsesoramiento individualizado y personalizado<\/h3>\t\t\t\t<\/div>\n\t\t\t\t<\/div>\n\t\t\t\t<div class=\"elementor-element elementor-element-8ada1f7 elementor-widget elementor-widget-text-editor\" data-id=\"8ada1f7\" data-element_type=\"widget\" data-e-type=\"widget\" data-settings=\"{&quot;ekit_we_effect_on&quot;:&quot;none&quot;}\" data-widget_type=\"text-editor.default\">\n\t\t\t\t<div class=\"elementor-widget-container\">\n\t\t\t\t\t\t\t\t\t<p>La C\u00e1mara de Comercio de Valencia pone a su disposici\u00f3n <strong>t\u00e9cnicos especializados en internacionalizaci\u00f3n<\/strong> y formados en la metodolog\u00eda del Programa. Estos especialistas llevar\u00e1n a cabo un plan de marketing digital para una empresa X y un mercado internacional espec\u00edfico. Por lo tanto, ser\u00e1n considerados como el referente de la empresa.<\/p><p>Este primer paso es importante para reforzar y ayudar a las empresas a utilizar el marketing digital para mejorar su estrategia de internacionalizaci\u00f3n. Se destacar\u00e1n las recomendaciones para resaltar un Plan de Acci\u00f3n de Marketing Digital para un mercado espec\u00edfico.<\/p>\t\t\t\t\t\t\t\t<\/div>\n\t\t\t\t<\/div>\n\t\t\t\t<div class=\"elementor-element elementor-element-6fdb8e2 elementor-widget elementor-widget-heading\" data-id=\"6fdb8e2\" data-element_type=\"widget\" data-e-type=\"widget\" data-settings=\"{&quot;ekit_we_effect_on&quot;:&quot;none&quot;}\" data-widget_type=\"heading.default\">\n\t\t\t\t<div class=\"elementor-widget-container\">\n\t\t\t\t\t<h3 class=\"elementor-heading-title elementor-size-default\">2-\tConcesi\u00f3n de ayudas\u200b<\/h3>\t\t\t\t<\/div>\n\t\t\t\t<\/div>\n\t\t\t\t<div class=\"elementor-element elementor-element-66a4392 elementor-widget elementor-widget-text-editor\" data-id=\"66a4392\" data-element_type=\"widget\" data-e-type=\"widget\" data-settings=\"{&quot;ekit_we_effect_on&quot;:&quot;none&quot;}\" data-widget_type=\"text-editor.default\">\n\t\t\t\t<div class=\"elementor-widget-container\">\n\t\t\t\t\t\t\t\t\t<p>Para poner en marcha este plan de acci\u00f3n, se pueden solicitar <strong>ayudas econ\u00f3micas<\/strong>. M\u00e1s adelante, detallaremos todos los gastos subvencionables por el programa.<\/p><p><strong>237.735 euros<\/strong> se dedican a la primera fase del proceso, es decir, el <strong>asesoramiento<\/strong>. Totalmente gratuita para la empresa beneficiaria, esta etapa est\u00e1 cofinanciada \u201cpor el Fondo Europeo de Desarrollo Regional (FEDER) y por el Instituto Valenciano de Competitividad Empresarial (IVACE) y la C\u00e1mara de Comercio de Espa\u00f1a.\u201d<\/p><p><strong>232.000 euros<\/strong> se destinan a la segunda fase, las <strong>ayudas econ\u00f3micas<\/strong>. \u201cEl porcentaje m\u00e1ximo de ayuda la a percibir por cada empresa ser\u00e1 del 50%, de la inversi\u00f3n realizada sobre un coste m\u00e1ximo elegible de 4.000 \u20ac (IVA no incluido), por lo que la cuant\u00eda m\u00e1xima de la ayuda ser\u00e1 de 2.000 euros.\u201d (Fuente: <a href=\"https:\/\/sede.camara.es\/sede\/valencia\/tramites\/TR0000004007\" target=\"_blank\" rel=\"noopener\">Anexo 06A convocatoria de ayudas modalidad ordinaria<\/a>).<\/p><p>De esta manera, la contribuci\u00f3n financiera es financiada al 50% por el FEDER (Fondo Europeo de Desarrollo Regional) de la Uni\u00f3n Europea en el Programa Operativo Plurirregional de Espa\u00f1a FEDER 2014-2020 (POPE) y al 50% por la empresa beneficiaria. Es importante tener en cuenta que la empresa beneficiaria es responsable de prefinanciar la totalidad del coste (se reembolsar\u00e1 el 50%).<\/p>\t\t\t\t\t\t\t\t<\/div>\n\t\t\t\t<\/div>\n\t\t\t\t\t<\/div>\n\t\t<\/div>\n\t\t\t\t\t<\/div>\n\t\t<\/section>\n\t\t\t\t<section class=\"elementor-section elementor-top-section elementor-element elementor-element-32db6bfb elementor-section-boxed elementor-section-height-default elementor-section-height-default\" data-id=\"32db6bfb\" data-element_type=\"section\" data-e-type=\"section\" data-settings=\"{&quot;ekit_has_onepagescroll_dot&quot;:&quot;yes&quot;}\">\n\t\t\t\t\t\t<div class=\"elementor-container elementor-column-gap-default\">\n\t\t\t\t\t<div class=\"elementor-column elementor-col-100 elementor-top-column elementor-element elementor-element-21ce0211\" data-id=\"21ce0211\" data-element_type=\"column\" data-e-type=\"column\">\n\t\t\t<div class=\"elementor-widget-wrap elementor-element-populated\">\n\t\t\t\t\t\t<div class=\"elementor-element elementor-element-55e69a94 elementor-widget elementor-widget-heading\" data-id=\"55e69a94\" data-element_type=\"widget\" data-e-type=\"widget\" data-settings=\"{&quot;ekit_we_effect_on&quot;:&quot;none&quot;}\" data-widget_type=\"heading.default\">\n\t\t\t\t<div class=\"elementor-widget-container\">\n\t\t\t\t\t<h2 class=\"elementor-heading-title elementor-size-default\">\u00bfCu\u00e1ndo y c\u00f3mo solicitar esta ayuda?<\/h2>\t\t\t\t<\/div>\n\t\t\t\t<\/div>\n\t\t\t\t<div class=\"elementor-element elementor-element-749abcb3 elementor-widget elementor-widget-text-editor\" data-id=\"749abcb3\" data-element_type=\"widget\" data-e-type=\"widget\" data-settings=\"{&quot;ekit_we_effect_on&quot;:&quot;none&quot;}\" data-widget_type=\"text-editor.default\">\n\t\t\t\t<div class=\"elementor-widget-container\">\n\t\t\t\t\t\t\t\t\t<p>Como se indica en el <a href=\"https:\/\/sede.camara.es\/sede\/valencia\/tramites\/TR0000004007\" target=\"_blank\" rel=\"noopener\">Anexo 10<\/a> de la convocatoria Convenio de participaci\u00f3n de empresa en el programa Xpande Digital (DECA), \u201cla participaci\u00f3n de la empresa en el Programa tiene una duraci\u00f3n m\u00e1xima de <strong>9 meses<\/strong> (3 meses en la Fase de Asesoramiento y 6 meses en la Fase de Ayudas) a partir de la fecha de la firma del presente Convenio.\u201d<\/p><p>Te recordamos que debes <strong>prefinanciar<\/strong> los costes. Estos \u201cdeber\u00e1n iniciarse con posterioridad a la fecha de firma del convenio de participaci\u00f3n de la empresa en el programa y estar efectivamente finalizados y pagados antes de la fecha que se indique en el convenio DECA (Documento que Establece las Condiciones de la Ayuda), firmado con la C\u00e1mara de Comercio.\u201d (Fuente: <a href=\"https:\/\/sede.camara.es\/sede\/valencia\/tramites\/TR0000004007\" target=\"_blank\" rel=\"noopener\">Anexo 06A convocatoria de ayudas modalidad ordinaria<\/a>). \u00a0<\/p><p>Si tu solicitud ha sido aceptada, se te reembolsar\u00e1 el 50% haciendo un \u201c<strong>Convenio de participaci\u00f3n<\/strong> en el Programa entre el beneficiario participante y la C\u00e1mara de Comercio.\u201d La c\u00e1mara te dar\u00e1 entonces toda la informaci\u00f3n necesaria para obtener el reembolso de los gastos<\/p>\t\t\t\t\t\t\t\t<\/div>\n\t\t\t\t<\/div>\n\t\t\t\t<div class=\"elementor-element elementor-element-4b3ad2a9 elementor-widget elementor-widget-heading\" data-id=\"4b3ad2a9\" data-element_type=\"widget\" data-e-type=\"widget\" data-settings=\"{&quot;ekit_we_effect_on&quot;:&quot;none&quot;}\" data-widget_type=\"heading.default\">\n\t\t\t\t<div class=\"elementor-widget-container\">\n\t\t\t\t\t<h3 class=\"elementor-heading-title elementor-size-default\">Justificaci\u00f3n de gastos<\/h3>\t\t\t\t<\/div>\n\t\t\t\t<\/div>\n\t\t\t\t<div class=\"elementor-element elementor-element-72d9003c elementor-widget elementor-widget-text-editor\" data-id=\"72d9003c\" data-element_type=\"widget\" data-e-type=\"widget\" data-settings=\"{&quot;ekit_we_effect_on&quot;:&quot;none&quot;}\" data-widget_type=\"text-editor.default\">\n\t\t\t\t<div class=\"elementor-widget-container\">\n\t\t\t\t\t\t\t\t\t<p>Al <a href=\"https:\/\/sede.camara.es\/sede\/valencia\/tramites\/TR0000004007\" target=\"_blank\" rel=\"noopener\">Anexo IV<\/a> de la Convocatoria, encontrar\u00e1s todos los detalles necesarios para justificar los costes. Estas justificaciones son obligatorias para poder beneficiarse del reembolso: <a href=\"https:\/\/justifica.camaras.es\/ayudas\" target=\"_blank\" rel=\"noopener\">https:\/\/justifica.camaras.es\/ayudas<\/a><\/p><p>He aqu\u00ed un resumen:<\/p><ul><li><strong>Publicidad FEDER<\/strong>: realizar un cartel A3 para poner en la sede la empresa + poner una breve descripci\u00f3n en la web de la empresa beneficiario<\/li><li><strong>Facturas pagadas <\/strong><\/li><li><strong>Justificante del pago<\/strong> (documento bancario). Diferentes formas de pago aceptadas: transferencia, cheque bancario, pagar\u00e9, tarjeta de titularidad de la entidad beneficiaria, confirming y factoring.<\/li><li><strong>Extracto bancario<\/strong><\/li><li><strong>Evidencia del gasto<\/strong><\/li><li><strong>Identificaci\u00f3n Financiera para el pago de la ayuda<\/strong><\/li><\/ul>\t\t\t\t\t\t\t\t<\/div>\n\t\t\t\t<\/div>\n\t\t\t\t\t<\/div>\n\t\t<\/div>\n\t\t\t\t\t<\/div>\n\t\t<\/section>\n\t\t\t\t<section class=\"elementor-section elementor-top-section elementor-element elementor-element-e423772 elementor-section-boxed elementor-section-height-default elementor-section-height-default\" data-id=\"e423772\" data-element_type=\"section\" data-e-type=\"section\" data-settings=\"{&quot;ekit_has_onepagescroll_dot&quot;:&quot;yes&quot;}\">\n\t\t\t\t\t\t<div class=\"elementor-container elementor-column-gap-default\">\n\t\t\t\t\t<div class=\"elementor-column elementor-col-25 elementor-top-column elementor-element elementor-element-0c06eaa\" data-id=\"0c06eaa\" data-element_type=\"column\" data-e-type=\"column\">\n\t\t\t<div class=\"elementor-widget-wrap elementor-element-populated\">\n\t\t\t\t\t\t<div class=\"elementor-element elementor-element-94dfa13 elementor-widget elementor-widget-image\" data-id=\"94dfa13\" data-element_type=\"widget\" data-e-type=\"widget\" data-settings=\"{&quot;ekit_we_effect_on&quot;:&quot;none&quot;}\" data-widget_type=\"image.default\">\n\t\t\t\t<div class=\"elementor-widget-container\">\n\t\t\t\t\t\t\t\t\t\t\t\t\t\t\t<img decoding=\"async\" width=\"130\" height=\"115\" src=\"https:\/\/or-design.org\/wp-content\/uploads\/2022\/02\/union_europea.png\" class=\"attachment-large size-large wp-image-7645\" alt=\"Logo union europea tic c\u00e1mara\" \/>\t\t\t\t\t\t\t\t\t\t\t\t\t\t\t<\/div>\n\t\t\t\t<\/div>\n\t\t\t\t\t<\/div>\n\t\t<\/div>\n\t\t\t\t<div class=\"elementor-column elementor-col-25 elementor-top-column elementor-element elementor-element-c2f4965\" data-id=\"c2f4965\" data-element_type=\"column\" data-e-type=\"column\">\n\t\t\t<div class=\"elementor-widget-wrap elementor-element-populated\">\n\t\t\t\t\t\t<div class=\"elementor-element elementor-element-09a7d46 elementor-widget elementor-widget-image\" data-id=\"09a7d46\" data-element_type=\"widget\" data-e-type=\"widget\" data-settings=\"{&quot;ekit_we_effect_on&quot;:&quot;none&quot;}\" data-widget_type=\"image.default\">\n\t\t\t\t<div class=\"elementor-widget-container\">\n\t\t\t\t\t\t\t\t\t\t\t\t\t\t\t<img loading=\"lazy\" decoding=\"async\" width=\"516\" height=\"288\" src=\"https:\/\/or-design.org\/wp-content\/uploads\/2022\/02\/generalitat-valenciana.png\" class=\"attachment-large size-large wp-image-7782\" alt=\"Logo generalit valenciana\" srcset=\"https:\/\/or-design.org\/wp-content\/uploads\/2022\/02\/generalitat-valenciana.png 516w, https:\/\/or-design.org\/wp-content\/uploads\/2022\/02\/generalitat-valenciana-300x167.png 300w\" sizes=\"(max-width: 516px) 100vw, 516px\" \/>\t\t\t\t\t\t\t\t\t\t\t\t\t\t\t<\/div>\n\t\t\t\t<\/div>\n\t\t\t\t\t<\/div>\n\t\t<\/div>\n\t\t\t\t<div class=\"elementor-column elementor-col-25 elementor-top-column elementor-element elementor-element-a47294d\" data-id=\"a47294d\" data-element_type=\"column\" data-e-type=\"column\">\n\t\t\t<div class=\"elementor-widget-wrap elementor-element-populated\">\n\t\t\t\t\t\t<div class=\"elementor-element elementor-element-a5c1b57 elementor-widget elementor-widget-image\" data-id=\"a5c1b57\" data-element_type=\"widget\" data-e-type=\"widget\" data-settings=\"{&quot;ekit_we_effect_on&quot;:&quot;none&quot;}\" data-widget_type=\"image.default\">\n\t\t\t\t<div class=\"elementor-widget-container\">\n\t\t\t\t\t\t\t\t\t\t\t\t\t\t\t<img loading=\"lazy\" decoding=\"async\" width=\"252\" height=\"115\" src=\"https:\/\/or-design.org\/wp-content\/uploads\/2022\/02\/camara_valencia.png\" class=\"attachment-large size-large wp-image-7654\" alt=\"logo camara valencia tic c\u00e1mara\" \/>\t\t\t\t\t\t\t\t\t\t\t\t\t\t\t<\/div>\n\t\t\t\t<\/div>\n\t\t\t\t\t<\/div>\n\t\t<\/div>\n\t\t\t\t<div class=\"elementor-column elementor-col-25 elementor-top-column elementor-element elementor-element-d8b1297\" data-id=\"d8b1297\" data-element_type=\"column\" data-e-type=\"column\">\n\t\t\t<div class=\"elementor-widget-wrap elementor-element-populated\">\n\t\t\t\t\t\t<div class=\"elementor-element elementor-element-2d5f2ab elementor-widget elementor-widget-image\" data-id=\"2d5f2ab\" data-element_type=\"widget\" data-e-type=\"widget\" data-settings=\"{&quot;ekit_we_effect_on&quot;:&quot;none&quot;}\" data-widget_type=\"image.default\">\n\t\t\t\t<div class=\"elementor-widget-container\">\n\t\t\t\t\t\t\t\t\t\t\t\t\t\t\t<img loading=\"lazy\" decoding=\"async\" width=\"519\" height=\"300\" src=\"https:\/\/or-design.org\/wp-content\/uploads\/2022\/02\/ivace-international.png\" class=\"attachment-large size-large wp-image-7788\" alt=\"IVACE international logo\" srcset=\"https:\/\/or-design.org\/wp-content\/uploads\/2022\/02\/ivace-international.png 519w, https:\/\/or-design.org\/wp-content\/uploads\/2022\/02\/ivace-international-300x173.png 300w\" sizes=\"(max-width: 519px) 100vw, 519px\" \/>\t\t\t\t\t\t\t\t\t\t\t\t\t\t\t<\/div>\n\t\t\t\t<\/div>\n\t\t\t\t\t<\/div>\n\t\t<\/div>\n\t\t\t\t\t<\/div>\n\t\t<\/section>\n\t\t\t\t<section class=\"elementor-section elementor-top-section elementor-element elementor-element-5184d77d elementor-section-boxed elementor-section-height-default elementor-section-height-default\" data-id=\"5184d77d\" data-element_type=\"section\" data-e-type=\"section\" data-settings=\"{&quot;ekit_has_onepagescroll_dot&quot;:&quot;yes&quot;}\">\n\t\t\t\t\t\t<div class=\"elementor-container elementor-column-gap-default\">\n\t\t\t\t\t<div class=\"elementor-column elementor-col-100 elementor-top-column elementor-element elementor-element-37cdf73a\" data-id=\"37cdf73a\" data-element_type=\"column\" data-e-type=\"column\">\n\t\t\t<div class=\"elementor-widget-wrap elementor-element-populated\">\n\t\t\t\t\t\t<div class=\"elementor-element elementor-element-513503c8 elementor-widget elementor-widget-heading\" data-id=\"513503c8\" data-element_type=\"widget\" data-e-type=\"widget\" data-settings=\"{&quot;ekit_we_effect_on&quot;:&quot;none&quot;}\" data-widget_type=\"heading.default\">\n\t\t\t\t<div class=\"elementor-widget-container\">\n\t\t\t\t\t<h2 class=\"elementor-heading-title elementor-size-default\">\u00bfCu\u00e1les son los gastos elegibles al programa Xpande Digital?<\/h2>\t\t\t\t<\/div>\n\t\t\t\t<\/div>\n\t\t\t\t<div class=\"elementor-element elementor-element-77755af7 elementor-widget elementor-widget-text-editor\" data-id=\"77755af7\" data-element_type=\"widget\" data-e-type=\"widget\" data-settings=\"{&quot;ekit_we_effect_on&quot;:&quot;none&quot;}\" data-widget_type=\"text-editor.default\">\n\t\t\t\t<div class=\"elementor-widget-container\">\n\t\t\t\t\t\t\t\t\t<p>El <a href=\"https:\/\/sede.camara.es\/sede\/valencia\/tramites\/TR0000004007\" target=\"_blank\" rel=\"noopener\">anexo IV<\/a> de la convocatoria establece la tipolog\u00eda de los gastos elegibles:<br \/>Asesoramiento especializado en estrategias de marketing digital y sus actuaciones.<\/p><ul><li>\u201cElaboraci\u00f3n de <strong>p\u00e1gina web, microsite, tienda online, App<\/strong> y otras plataformas tecnol\u00f3gicas a posicionar en mercados internacionales para promocionar a la empresa y\/o sus productos\/servicios.\u201d<\/li><li>\u201c<strong>Dise\u00f1o y creaci\u00f3n de campa\u00f1as de publicidad online (SEM) en Google AdWords<\/strong> y otros buscadores, as\u00ed como contrataci\u00f3n de publicidad online. \u201c<\/li><li>\u201c<strong>Dise\u00f1o y creaci\u00f3n de campa\u00f1as de promoci\u00f3n y publicidad en Marketplaces<\/strong> en el pa\u00eds objetivo (Amazon, Google Shopping \u2026).\u201d<\/li><li>\u201c<strong>Modificaci\u00f3n, ampliaci\u00f3n y reforma de la web respecto a posicionamiento org\u00e1nico<\/strong> (SEO).\u201d<\/li><li>\u201cPreparaci\u00f3n de <strong>la Anal\u00edtica web<\/strong>; integraci\u00f3n general, configuraci\u00f3n de objetivos y conversiones, creaci\u00f3n de un panel de control personalizado.\u201d<\/li><li>\u201cAcciones de generaci\u00f3n de contenidos \u201c<strong>content marketing<\/strong>\u201d.\u201d<\/li><li>\u201cAcciones de <strong>E-Mail Marketing<\/strong>; herramientas digitales para reforzar estrategia de captaci\u00f3n, desarrollo y fidelizaci\u00f3n de clientes y potenciales.\u201d<\/li><li>\u201cDise\u00f1o y creaci\u00f3n de campa\u00f1as en <strong>Redes Sociales (SMM)<\/strong>. Gasto de Campa\u00f1as.\u201d<\/li><li>\u201cCreaci\u00f3n y dise\u00f1o de <strong>landing pages, microsites<\/strong>.\u201d<\/li><li>\u201c<strong>Alta en directorios y \/ o market places<\/strong>.\u201d<\/li><li>\u201cCompra de <strong>dominios<\/strong>.\u201d<\/li><li>\u201cEdici\u00f3n, <strong>creaci\u00f3n de videos para redes sociales<\/strong> (Ej. Youtube).\u201d<\/li><li>\u201c<strong>Traducciones<\/strong>.\u201d<\/li><\/ul><p>Para m\u00e1s detalles, consulta el anexo IV de la convocatoria en la p\u00e1gina 3.<\/p>\t\t\t\t\t\t\t\t<\/div>\n\t\t\t\t<\/div>\n\t\t\t\t\t<\/div>\n\t\t<\/div>\n\t\t\t\t\t<\/div>\n\t\t<\/section>\n\t\t\t\t<section class=\"elementor-section elementor-top-section elementor-element elementor-element-e28e4e3 elementor-section-boxed elementor-section-height-default elementor-section-height-default\" data-id=\"e28e4e3\" data-element_type=\"section\" data-e-type=\"section\" data-settings=\"{&quot;ekit_has_onepagescroll_dot&quot;:&quot;yes&quot;}\">\n\t\t\t\t\t\t<div class=\"elementor-container elementor-column-gap-default\">\n\t\t\t\t\t<div class=\"elementor-column elementor-col-100 elementor-top-column elementor-element elementor-element-508e727\" data-id=\"508e727\" data-element_type=\"column\" data-e-type=\"column\">\n\t\t\t<div class=\"elementor-widget-wrap elementor-element-populated\">\n\t\t\t\t\t\t<div class=\"elementor-element elementor-element-f8a6f09 elementor-widget elementor-widget-text-editor\" data-id=\"f8a6f09\" data-element_type=\"widget\" data-e-type=\"widget\" data-settings=\"{&quot;ekit_we_effect_on&quot;:&quot;none&quot;}\" data-widget_type=\"text-editor.default\">\n\t\t\t\t<div class=\"elementor-widget-container\">\n\t\t\t\t\t\t\t\t\t<p>Esperamos que este art\u00edculo sea de tu inter\u00e9s. <strong>OR Design<\/strong> es una agencia de dise\u00f1o, desarrollo web\/de aplicaciones y marketing. \u00a1Llevamos 12 a\u00f1os especializados en el dise\u00f1o a medida! Ponte en contacto con nosotros para llevar a cabo las acciones de marketing digital recomendadas en la primera fase de este programa Xpande Digital. \u00a1Estaremos encantados de ayudarte a expandirte internacionalmente!<\/p><p>Existe otra ayuda que se basa en el mismo principio: <a href=\"https:\/\/or-design.org\/programa-tic-camaras\/\" target=\"_blank\" rel=\"noopener\">el programa TIC C\u00e1maras<\/a>. Descubre tambi\u00e9n el Kit Digital: <a href=\"https:\/\/or-design.org\/ayuda-kit-digital\/\" rel=\"sponsored\">\u00bfC\u00f3mo beneficiar de la ayuda Kit Digital? [BONO DIGITAL]<\/a><\/p><p>Este programa no est\u00e1 orientado a la internacionalizaci\u00f3n. Por lo tanto, puedes beneficiarte de la ayuda para que tu empresa se impulse digitalmente. \u00a1Esperamos tu contacto! \ud83d\ude09<\/p><p><em>Otras fuentes\u00a0: <\/em><a href=\"https:\/\/sede.camara.es\/sede\/valencia\/tramites\/TR0000003504\" target=\"_blank\" rel=\"noopener\"><em>https:\/\/sede.camara.es\/sede\/valencia\/tramites\/TR0000003504<\/em><\/a><em> + <\/em><a href=\"https:\/\/sede.camara.es\/sede\/valencia\/tramites\/TR0000003232\/documento\/001700054164\" target=\"_blank\" rel=\"noopener\"><em>https:\/\/sede.camara.es\/sede\/valencia\/tramites\/TR0000003232\/documento\/001700054164<\/em><\/a><\/p>\t\t\t\t\t\t\t\t<\/div>\n\t\t\t\t<\/div>\n\t\t\t\t<div class=\"elementor-element elementor-element-3c570a6 elementor-widget elementor-widget-text-editor\" data-id=\"3c570a6\" data-element_type=\"widget\" data-e-type=\"widget\" data-settings=\"{&quot;ekit_we_effect_on&quot;:&quot;none&quot;}\" data-widget_type=\"text-editor.default\">\n\t\t\t\t<div class=\"elementor-widget-container\">\n\t\t\t\t\t\t\t\t\t<p><strong><em>&#8220;Fondo Europeo de Desarrollo Regional &#8211; Una manera de hacer Europa&#8221;<\/em><\/strong><\/p>\t\t\t\t\t\t\t\t<\/div>\n\t\t\t\t<\/div>\n\t\t\t\t\t<\/div>\n\t\t<\/div>\n\t\t\t\t\t<\/div>\n\t\t<\/section>\n\t\t\t\t<section class=\"elementor-section elementor-top-section elementor-element elementor-element-b6083b9 elementor-section-boxed elementor-section-height-default elementor-section-height-default\" data-id=\"b6083b9\" data-element_type=\"section\" data-e-type=\"section\" data-settings=\"{&quot;ekit_has_onepagescroll_dot&quot;:&quot;yes&quot;}\">\n\t\t\t\t\t\t<div class=\"elementor-container elementor-column-gap-default\">\n\t\t\t\t\t<div class=\"elementor-column elementor-col-100 elementor-top-column elementor-element elementor-element-7379e41\" data-id=\"7379e41\" data-element_type=\"column\" data-e-type=\"column\">\n\t\t\t<div class=\"elementor-widget-wrap elementor-element-populated\">\n\t\t\t\t\t\t<div class=\"elementor-element elementor-element-e3272c4 elementor-widget elementor-widget-spacer\" data-id=\"e3272c4\" data-element_type=\"widget\" data-e-type=\"widget\" data-settings=\"{&quot;ekit_we_effect_on&quot;:&quot;none&quot;}\" data-widget_type=\"spacer.default\">\n\t\t\t\t<div class=\"elementor-widget-container\">\n\t\t\t\t\t\t\t<div class=\"elementor-spacer\">\n\t\t\t<div class=\"elementor-spacer-inner\"><\/div>\n\t\t<\/div>\n\t\t\t\t\t\t<\/div>\n\t\t\t\t<\/div>\n\t\t\t\t\t<\/div>\n\t\t<\/div>\n\t\t\t\t\t<\/div>\n\t\t<\/section>\n\t\t\t\t<\/div>\n\t\t","protected":false},"excerpt":{"rendered":"<p>Para las empresas y aut\u00f3nomos de Valencia, hablaremos en este art\u00edculo de ayudas econ\u00f3micas para el desarrollo de planes de marketing digital con visi\u00f3n internacional. Estas ayudas econ\u00f3micas forman parte del programa Xpande Digital para el a\u00f1o 2022. \u201cLa C\u00e1mara Oficial de Comercio, Industria, Servicios y Navegaci\u00f3n de Espa\u00f1a, junto con la C\u00e1mara de Comercio, [&hellip;]<\/p>\n","protected":false},"author":1,"featured_media":7800,"comment_status":"closed","ping_status":"closed","sticky":false,"template":"","format":"standard","meta":{"inline_featured_image":false,"footnotes":""},"categories":[8,6,7],"tags":[],"class_list":["post-7769","post","type-post","status-publish","format-standard","has-post-thumbnail","hentry","category-desarrollo","category-diseno","category-marketing"],"_links":{"self":[{"href":"https:\/\/or-design.org\/en\/wp-json\/wp\/v2\/posts\/7769","targetHints":{"allow":["GET"]}}],"collection":[{"href":"https:\/\/or-design.org\/en\/wp-json\/wp\/v2\/posts"}],"about":[{"href":"https:\/\/or-design.org\/en\/wp-json\/wp\/v2\/types\/post"}],"author":[{"embeddable":true,"href":"https:\/\/or-design.org\/en\/wp-json\/wp\/v2\/users\/1"}],"replies":[{"embeddable":true,"href":"https:\/\/or-design.org\/en\/wp-json\/wp\/v2\/comments?post=7769"}],"version-history":[{"count":0,"href":"https:\/\/or-design.org\/en\/wp-json\/wp\/v2\/posts\/7769\/revisions"}],"wp:featuredmedia":[{"embeddable":true,"href":"https:\/\/or-design.org\/en\/wp-json\/wp\/v2\/media\/7800"}],"wp:attachment":[{"href":"https:\/\/or-design.org\/en\/wp-json\/wp\/v2\/media?parent=7769"}],"wp:term":[{"taxonomy":"category","embeddable":true,"href":"https:\/\/or-design.org\/en\/wp-json\/wp\/v2\/categories?post=7769"},{"taxonomy":"post_tag","embeddable":true,"href":"https:\/\/or-design.org\/en\/wp-json\/wp\/v2\/tags?post=7769"}],"curies":[{"name":"wp","href":"https:\/\/api.w.org\/{rel}","templated":true}]}}