{"id":7383,"date":"2023-02-06T08:04:00","date_gmt":"2023-02-06T08:04:00","guid":{"rendered":"https:\/\/or-design.org\/?p=7383"},"modified":"2022-11-28T12:46:14","modified_gmt":"2022-11-28T12:46:14","slug":"imagen-corporativa","status":"publish","type":"post","link":"https:\/\/or-design.org\/en\/imagen-corporativa\/","title":{"rendered":"Imagen corporativa: \u00bfQu\u00e9 significa? [4 CONSEJOS]"},"content":{"rendered":"\t\t<div data-elementor-type=\"wp-post\" data-elementor-id=\"7383\" class=\"elementor elementor-7383\" data-elementor-post-type=\"post\">\n\t\t\t\t\t\t<section class=\"elementor-section elementor-top-section elementor-element elementor-element-61f4f472 elementor-section-boxed elementor-section-height-default elementor-section-height-default\" data-id=\"61f4f472\" data-element_type=\"section\" data-e-type=\"section\" data-settings=\"{&quot;ekit_has_onepagescroll_dot&quot;:&quot;yes&quot;}\">\n\t\t\t\t\t\t<div class=\"elementor-container elementor-column-gap-default\">\n\t\t\t\t\t<div class=\"elementor-column elementor-col-50 elementor-top-column elementor-element elementor-element-65d37fad\" data-id=\"65d37fad\" data-element_type=\"column\" data-e-type=\"column\">\n\t\t\t<div class=\"elementor-widget-wrap elementor-element-populated\">\n\t\t\t\t\t\t<div class=\"elementor-element elementor-element-f63f3a6 elementor-widget elementor-widget-heading\" data-id=\"f63f3a6\" data-element_type=\"widget\" data-e-type=\"widget\" data-settings=\"{&quot;ekit_we_effect_on&quot;:&quot;none&quot;}\" data-widget_type=\"heading.default\">\n\t\t\t\t<div class=\"elementor-widget-container\">\n\t\t\t\t\t<h1 class=\"elementor-heading-title elementor-size-default\">Imagen corporativa: \u00bfQu\u00e9 significa? [4 CONSEJOS]<\/h1>\t\t\t\t<\/div>\n\t\t\t\t<\/div>\n\t\t\t\t\t<\/div>\n\t\t<\/div>\n\t\t\t\t<div class=\"elementor-column elementor-col-50 elementor-top-column elementor-element elementor-element-255399c9\" data-id=\"255399c9\" data-element_type=\"column\" data-e-type=\"column\">\n\t\t\t<div class=\"elementor-widget-wrap elementor-element-populated\">\n\t\t\t\t\t\t<div class=\"elementor-element elementor-element-17cb7622 elementor-widget elementor-widget-image\" data-id=\"17cb7622\" data-element_type=\"widget\" data-e-type=\"widget\" data-settings=\"{&quot;ekit_we_effect_on&quot;:&quot;none&quot;}\" data-widget_type=\"image.default\">\n\t\t\t\t<div class=\"elementor-widget-container\">\n\t\t\t\t\t\t\t\t\t\t\t\t\t\t\t<img fetchpriority=\"high\" decoding=\"async\" width=\"800\" height=\"800\" src=\"https:\/\/or-design.org\/wp-content\/uploads\/2022\/01\/Imagen-corporativa-definicion-1024x1024.jpg\" class=\"attachment-large size-large wp-image-7384\" alt=\"Imagen corporativa\" srcset=\"https:\/\/or-design.org\/wp-content\/uploads\/2022\/01\/Imagen-corporativa-definicion-1024x1024.jpg 1024w, https:\/\/or-design.org\/wp-content\/uploads\/2022\/01\/Imagen-corporativa-definicion-300x300.jpg 300w, https:\/\/or-design.org\/wp-content\/uploads\/2022\/01\/Imagen-corporativa-definicion-150x150.jpg 150w, https:\/\/or-design.org\/wp-content\/uploads\/2022\/01\/Imagen-corporativa-definicion-768x768.jpg 768w, https:\/\/or-design.org\/wp-content\/uploads\/2022\/01\/Imagen-corporativa-definicion.jpg 1500w\" sizes=\"(max-width: 800px) 100vw, 800px\" \/>\t\t\t\t\t\t\t\t\t\t\t\t\t\t\t<\/div>\n\t\t\t\t<\/div>\n\t\t\t\t\t<\/div>\n\t\t<\/div>\n\t\t\t\t\t<\/div>\n\t\t<\/section>\n\t\t\t\t<section class=\"elementor-section elementor-top-section elementor-element elementor-element-561a6642 elementor-section-boxed elementor-section-height-default elementor-section-height-default\" data-id=\"561a6642\" data-element_type=\"section\" data-e-type=\"section\" data-settings=\"{&quot;ekit_has_onepagescroll_dot&quot;:&quot;yes&quot;}\">\n\t\t\t\t\t\t<div class=\"elementor-container elementor-column-gap-default\">\n\t\t\t\t\t<div class=\"elementor-column elementor-col-100 elementor-top-column elementor-element elementor-element-2502e283\" data-id=\"2502e283\" data-element_type=\"column\" data-e-type=\"column\">\n\t\t\t<div class=\"elementor-widget-wrap elementor-element-populated\">\n\t\t\t\t\t\t<div class=\"elementor-element elementor-element-7917b03e elementor-widget elementor-widget-text-editor\" data-id=\"7917b03e\" data-element_type=\"widget\" data-e-type=\"widget\" data-settings=\"{&quot;ekit_we_effect_on&quot;:&quot;none&quot;}\" data-widget_type=\"text-editor.default\">\n\t\t\t\t<div class=\"elementor-widget-container\">\n\t\t\t\t\t\t\t\t\t<p>La <strong>imagen corporativa<\/strong> de una empresa es producto de sus resultados, su cobertura medi\u00e1tica y sus actividades.<\/p><p>Antes, el t\u00e9rmino &#8220;imagen corporativa&#8221; se asociaba a las grandes empresas, y las peque\u00f1as no prestaban mucha atenci\u00f3n a la construcci\u00f3n de su imagen. Las empresas que no hacen esfuerzos activos para reforzar la imagen corporativa dejan su destino en manos de otros&#8230;<\/p>\t\t\t\t\t\t\t\t<\/div>\n\t\t\t\t<\/div>\n\t\t\t\t<div class=\"elementor-element elementor-element-6ced4f28 elementor-widget elementor-widget-heading\" data-id=\"6ced4f28\" data-element_type=\"widget\" data-e-type=\"widget\" data-settings=\"{&quot;ekit_we_effect_on&quot;:&quot;none&quot;}\" data-widget_type=\"heading.default\">\n\t\t\t\t<div class=\"elementor-widget-container\">\n\t\t\t\t\t<h2 class=\"elementor-heading-title elementor-size-default\">\u00bfQu\u00e9 significa y para qu\u00e9 sirve una Imagen Corporativa de una empresa?<\/h2>\t\t\t\t<\/div>\n\t\t\t\t<\/div>\n\t\t\t\t<div class=\"elementor-element elementor-element-6788198 elementor-widget elementor-widget-text-editor\" data-id=\"6788198\" data-element_type=\"widget\" data-e-type=\"widget\" data-settings=\"{&quot;ekit_we_effect_on&quot;:&quot;none&quot;}\" data-widget_type=\"text-editor.default\">\n\t\t\t\t<div class=\"elementor-widget-container\">\n\t\t\t\t\t\t\t\t\t<p>La imagen corporativa de una empresa se define como la<strong> forma en que una empresa o marca es percibida por el consumidor<\/strong>. Es la <strong>imagen externa<\/strong> de una empresa construida sobre la base de su identidad corporativa.<\/p><p>La imagen corporativa forma parte del <a href=\"https:\/\/or-design.org\/estrategia-branding\/\" target=\"_blank\" rel=\"noopener\"><strong>branding<\/strong> <\/a>y puede adoptar diferentes formas, como la imagen deseada por la empresa o la imagen percibida por el p\u00fablico receptor. Esta imagen puede ser <strong>positiva o negativa <\/strong>y puede cambiar con el tiempo.<\/p><p>Una buena imagen corporativa te ayudar\u00e1 a <strong>comunicar mejor con tu p\u00fablico<\/strong>. Tambi\u00e9n es una buena manera de que tu p\u00fablico <strong>te recuerde<\/strong>. Es un <strong>c\u00edrculo vicioso<\/strong> que te permitir\u00e1 aumentar tu <strong>notoriedad<\/strong> con el tiempo si tu imagen deseada es la misma que percibe el p\u00fablico.<\/p><p>Adem\u00e1s, es un elemento muy importante para crear una <strong>imagen diferente a la de tus competidores <\/strong>y as\u00ed diferenciarte, seg\u00fan tus propios valores.<\/p><p>\u00bfSu objetivo final? Crear una imagen positiva y f\u00e1cilmente reconocible.<\/p>\t\t\t\t\t\t\t\t<\/div>\n\t\t\t\t<\/div>\n\t\t\t\t\t<\/div>\n\t\t<\/div>\n\t\t\t\t\t<\/div>\n\t\t<\/section>\n\t\t\t\t<section class=\"elementor-section elementor-top-section elementor-element elementor-element-2df8552f elementor-section-boxed elementor-section-height-default elementor-section-height-default\" data-id=\"2df8552f\" data-element_type=\"section\" data-e-type=\"section\" data-settings=\"{&quot;ekit_has_onepagescroll_dot&quot;:&quot;yes&quot;}\">\n\t\t\t\t\t\t<div class=\"elementor-container elementor-column-gap-default\">\n\t\t\t\t\t<div class=\"elementor-column elementor-col-100 elementor-top-column elementor-element elementor-element-45156e83\" data-id=\"45156e83\" data-element_type=\"column\" data-e-type=\"column\">\n\t\t\t<div class=\"elementor-widget-wrap elementor-element-populated\">\n\t\t\t\t\t\t<div class=\"elementor-element elementor-element-2cc97ccf elementor-widget elementor-widget-heading\" data-id=\"2cc97ccf\" data-element_type=\"widget\" data-e-type=\"widget\" data-settings=\"{&quot;ekit_we_effect_on&quot;:&quot;none&quot;}\" data-widget_type=\"heading.default\">\n\t\t\t\t<div class=\"elementor-widget-container\">\n\t\t\t\t\t<h2 class=\"elementor-heading-title elementor-size-default\">\u00bfQu\u00e9 diferencia tiene con la Identidad Corporativa?<\/h2>\t\t\t\t<\/div>\n\t\t\t\t<\/div>\n\t\t\t\t<div class=\"elementor-element elementor-element-5609c6bf elementor-widget elementor-widget-text-editor\" data-id=\"5609c6bf\" data-element_type=\"widget\" data-e-type=\"widget\" data-settings=\"{&quot;ekit_we_effect_on&quot;:&quot;none&quot;}\" data-widget_type=\"text-editor.default\">\n\t\t\t\t<div class=\"elementor-widget-container\">\n\t\t\t\t\t\t\t\t\t<p>La Imagen Corporativa es diferente de la Identidad Corporativa. Como lo hemos dicho antes, cuando hablamos de la <strong>Imagen Corporativa<\/strong> se trata de hablar de <strong>una imagen externa<\/strong>. A contrario, la <strong>Identidad Corporativa<\/strong> es la <strong>imagen interna<\/strong> a la empresa.<\/p><p>Otra diferencia, es que la identidad es <strong>controlable<\/strong> y no se puede cambiar, al contrario de la imagen corporativa. Adem\u00e1s, esta \u00faltima tiene un <strong>v\u00ednculo directo con el p\u00fablico<\/strong>, mientras que la identidad se centra en la empresa y sus miembros.<\/p>\t\t\t\t\t\t\t\t<\/div>\n\t\t\t\t<\/div>\n\t\t\t\t\t<\/div>\n\t\t<\/div>\n\t\t\t\t\t<\/div>\n\t\t<\/section>\n\t\t\t\t<section class=\"elementor-section elementor-top-section elementor-element elementor-element-2a92d30f elementor-section-boxed elementor-section-height-default elementor-section-height-default\" data-id=\"2a92d30f\" data-element_type=\"section\" data-e-type=\"section\" data-settings=\"{&quot;ekit_has_onepagescroll_dot&quot;:&quot;yes&quot;}\">\n\t\t\t\t\t\t<div class=\"elementor-container elementor-column-gap-default\">\n\t\t\t\t\t<div class=\"elementor-column elementor-col-100 elementor-top-column elementor-element elementor-element-4c909220\" data-id=\"4c909220\" data-element_type=\"column\" data-e-type=\"column\">\n\t\t\t<div class=\"elementor-widget-wrap elementor-element-populated\">\n\t\t\t\t\t\t<div class=\"elementor-element elementor-element-5259358 elementor-widget elementor-widget-heading\" data-id=\"5259358\" data-element_type=\"widget\" data-e-type=\"widget\" data-settings=\"{&quot;ekit_we_effect_on&quot;:&quot;none&quot;}\" data-widget_type=\"heading.default\">\n\t\t\t\t<div class=\"elementor-widget-container\">\n\t\t\t\t\t<h2 class=\"elementor-heading-title elementor-size-default\">4 consejos para implementar una buena Imagen Corporativa<\/h2>\t\t\t\t<\/div>\n\t\t\t\t<\/div>\n\t\t\t\t<div class=\"elementor-element elementor-element-4eb1a0d7 elementor-widget elementor-widget-text-editor\" data-id=\"4eb1a0d7\" data-element_type=\"widget\" data-e-type=\"widget\" data-settings=\"{&quot;ekit_we_effect_on&quot;:&quot;none&quot;}\" data-widget_type=\"text-editor.default\">\n\t\t\t\t<div class=\"elementor-widget-container\">\n\t\t\t\t\t\t\t\t\t<ul><li><strong>Conocer su marca y su prop\u00f3sito. <\/strong><\/li><\/ul><p>Para que tu negocio destaque entre los dem\u00e1s, no s\u00f3lo tienes que hacer productos de calidad (aunque eso es muy importante), sino tambi\u00e9n trabajar en &#8220;por qu\u00e9 la gente deber\u00eda elegir tus productos&#8221;.<\/p><ul><li><strong>Definir bien sus herramientas de identidad.<\/strong><\/li><\/ul><p>Se trata del logotipo de la empresa, el eslogan, el nombre, etc. Estas son las cosas que hacen que la gente te conozca. Sus herramientas deben hablar e indicar el prop\u00f3sito central de tu empresa.<\/p><ul><li><strong>Empleados: representantes a los que no hay que descuidar<\/strong><\/li><\/ul><p>Aseg\u00farate de que tus empleados son conscientes de tu objetivo y entr\u00e9nalos para que act\u00faen en consecuencia. Su comportamiento desempe\u00f1ar\u00e1 un papel importante en la construcci\u00f3n de la imagen corporativa de tu empresa.<\/p><ul><li><strong>El error es humano: recon\u00f3zcalo<\/strong><\/li><\/ul><p>Aunque tus acciones est\u00e9n bien pensadas, siempre hay margen de error. La imagen de tu empresa depender\u00e1 de lo que haga despu\u00e9s de cometer un error. No aceptar los errores que ha cometido tu empresa s\u00f3lo arruinar\u00e1 la imagen de tu marca. Acepta el error y corr\u00edjalo.<\/p>\t\t\t\t\t\t\t\t<\/div>\n\t\t\t\t<\/div>\n\t\t\t\t\t<\/div>\n\t\t<\/div>\n\t\t\t\t\t<\/div>\n\t\t<\/section>\n\t\t\t\t<section class=\"elementor-section elementor-top-section elementor-element elementor-element-0ace3a0 elementor-section-boxed elementor-section-height-default elementor-section-height-default\" data-id=\"0ace3a0\" data-element_type=\"section\" data-e-type=\"section\" data-settings=\"{&quot;ekit_has_onepagescroll_dot&quot;:&quot;yes&quot;}\">\n\t\t\t\t\t\t<div class=\"elementor-container elementor-column-gap-default\">\n\t\t\t\t\t<div class=\"elementor-column elementor-col-100 elementor-top-column elementor-element elementor-element-b09fceb\" data-id=\"b09fceb\" data-element_type=\"column\" data-e-type=\"column\">\n\t\t\t<div class=\"elementor-widget-wrap elementor-element-populated\">\n\t\t\t\t\t\t<div class=\"elementor-element elementor-element-83f99c7 elementor-widget elementor-widget-text-editor\" data-id=\"83f99c7\" data-element_type=\"widget\" data-e-type=\"widget\" data-settings=\"{&quot;ekit_we_effect_on&quot;:&quot;none&quot;}\" data-widget_type=\"text-editor.default\">\n\t\t\t\t<div class=\"elementor-widget-container\">\n\t\t\t\t\t\t\t\t\t<p>Eso es todo por ahora. Esperamos haber sido claros con el concepto de marca. Podemos ayudarte a construir una<strong> imagen corporativa positiva<\/strong>. \u00a1Ponte en contacto con nosotros y hablemos de tu proyecto! Estamos aqu\u00ed para ayudarte.<\/p>\t\t\t\t\t\t\t\t<\/div>\n\t\t\t\t<\/div>\n\t\t\t\t\t<\/div>\n\t\t<\/div>\n\t\t\t\t\t<\/div>\n\t\t<\/section>\n\t\t\t\t<\/div>\n\t\t","protected":false},"excerpt":{"rendered":"<p>La imagen corporativa de una empresa es producto de sus resultados, su cobertura medi\u00e1tica y sus actividades. Antes, el t\u00e9rmino &#8220;imagen corporativa&#8221; se asociaba a las grandes empresas, y las peque\u00f1as no prestaban mucha atenci\u00f3n a la construcci\u00f3n de su imagen. Las empresas que no hacen esfuerzos activos para reforzar la imagen corporativa dejan su [&hellip;]<\/p>\n","protected":false},"author":1,"featured_media":7384,"comment_status":"closed","ping_status":"closed","sticky":false,"template":"","format":"standard","meta":{"inline_featured_image":false,"footnotes":""},"categories":[14,6],"tags":[],"class_list":["post-7383","post","type-post","status-publish","format-standard","has-post-thumbnail","hentry","category-branding","category-diseno"],"_links":{"self":[{"href":"https:\/\/or-design.org\/en\/wp-json\/wp\/v2\/posts\/7383","targetHints":{"allow":["GET"]}}],"collection":[{"href":"https:\/\/or-design.org\/en\/wp-json\/wp\/v2\/posts"}],"about":[{"href":"https:\/\/or-design.org\/en\/wp-json\/wp\/v2\/types\/post"}],"author":[{"embeddable":true,"href":"https:\/\/or-design.org\/en\/wp-json\/wp\/v2\/users\/1"}],"replies":[{"embeddable":true,"href":"https:\/\/or-design.org\/en\/wp-json\/wp\/v2\/comments?post=7383"}],"version-history":[{"count":0,"href":"https:\/\/or-design.org\/en\/wp-json\/wp\/v2\/posts\/7383\/revisions"}],"wp:featuredmedia":[{"embeddable":true,"href":"https:\/\/or-design.org\/en\/wp-json\/wp\/v2\/media\/7384"}],"wp:attachment":[{"href":"https:\/\/or-design.org\/en\/wp-json\/wp\/v2\/media?parent=7383"}],"wp:term":[{"taxonomy":"category","embeddable":true,"href":"https:\/\/or-design.org\/en\/wp-json\/wp\/v2\/categories?post=7383"},{"taxonomy":"post_tag","embeddable":true,"href":"https:\/\/or-design.org\/en\/wp-json\/wp\/v2\/tags?post=7383"}],"curies":[{"name":"wp","href":"https:\/\/api.w.org\/{rel}","templated":true}]}}