{"id":5697,"date":"2021-09-20T08:32:00","date_gmt":"2021-09-20T08:32:00","guid":{"rendered":"https:\/\/or-design.org\/?p=5697"},"modified":"2022-11-28T12:44:45","modified_gmt":"2022-11-28T12:44:45","slug":"imagen-en-las-redes-sociales","status":"publish","type":"post","link":"https:\/\/or-design.org\/en\/imagen-en-las-redes-sociales\/","title":{"rendered":"La imagen en las redes sociales: La influencia de lo que muestras en tu perfil"},"content":{"rendered":"\t\t<div data-elementor-type=\"wp-post\" data-elementor-id=\"5697\" class=\"elementor elementor-5697\" data-elementor-post-type=\"post\">\n\t\t\t\t\t\t<section class=\"elementor-section elementor-top-section elementor-element elementor-element-28a1ddcd elementor-section-boxed elementor-section-height-default elementor-section-height-default\" data-id=\"28a1ddcd\" data-element_type=\"section\" data-e-type=\"section\" data-settings=\"{&quot;ekit_has_onepagescroll_dot&quot;:&quot;yes&quot;}\">\n\t\t\t\t\t\t<div class=\"elementor-container elementor-column-gap-default\">\n\t\t\t\t\t<div class=\"elementor-column elementor-col-50 elementor-top-column elementor-element elementor-element-60881e35\" data-id=\"60881e35\" data-element_type=\"column\" data-e-type=\"column\">\n\t\t\t<div class=\"elementor-widget-wrap elementor-element-populated\">\n\t\t\t\t\t\t<div class=\"elementor-element elementor-element-7de02d6d elementor-widget elementor-widget-heading\" data-id=\"7de02d6d\" data-element_type=\"widget\" data-e-type=\"widget\" data-settings=\"{&quot;ekit_we_effect_on&quot;:&quot;none&quot;}\" data-widget_type=\"heading.default\">\n\t\t\t\t<div class=\"elementor-widget-container\">\n\t\t\t\t\t<h1 class=\"elementor-heading-title elementor-size-default\">La imagen en las redes sociales: La influencia de lo que muestras en tu perfil<\/h1>\t\t\t\t<\/div>\n\t\t\t\t<\/div>\n\t\t\t\t\t<\/div>\n\t\t<\/div>\n\t\t\t\t<div class=\"elementor-column elementor-col-50 elementor-top-column elementor-element elementor-element-13aa46b9\" data-id=\"13aa46b9\" data-element_type=\"column\" data-e-type=\"column\">\n\t\t\t<div class=\"elementor-widget-wrap elementor-element-populated\">\n\t\t\t\t\t\t<div class=\"elementor-element elementor-element-1ce84c30 elementor-widget elementor-widget-image\" data-id=\"1ce84c30\" data-element_type=\"widget\" data-e-type=\"widget\" data-settings=\"{&quot;ekit_we_effect_on&quot;:&quot;none&quot;}\" data-widget_type=\"image.default\">\n\t\t\t\t<div class=\"elementor-widget-container\">\n\t\t\t\t\t\t\t\t\t\t\t\t\t\t\t<img fetchpriority=\"high\" decoding=\"async\" width=\"800\" height=\"800\" src=\"https:\/\/or-design.org\/wp-content\/uploads\/2021\/09\/influencia-imagen-redes-sociales-1024x1024.png\" class=\"attachment-large size-large wp-image-6269\" alt=\"influencia imagen redes sociales\" srcset=\"https:\/\/or-design.org\/wp-content\/uploads\/2021\/09\/influencia-imagen-redes-sociales-1024x1024.png 1024w, https:\/\/or-design.org\/wp-content\/uploads\/2021\/09\/influencia-imagen-redes-sociales-300x300.png 300w, https:\/\/or-design.org\/wp-content\/uploads\/2021\/09\/influencia-imagen-redes-sociales-150x150.png 150w, https:\/\/or-design.org\/wp-content\/uploads\/2021\/09\/influencia-imagen-redes-sociales-768x768.png 768w, https:\/\/or-design.org\/wp-content\/uploads\/2021\/09\/influencia-imagen-redes-sociales.png 1280w\" sizes=\"(max-width: 800px) 100vw, 800px\" \/>\t\t\t\t\t\t\t\t\t\t\t\t\t\t\t<\/div>\n\t\t\t\t<\/div>\n\t\t\t\t\t<\/div>\n\t\t<\/div>\n\t\t\t\t\t<\/div>\n\t\t<\/section>\n\t\t\t\t<section class=\"elementor-section elementor-top-section elementor-element elementor-element-aa67937 elementor-section-boxed elementor-section-height-default elementor-section-height-default\" data-id=\"aa67937\" data-element_type=\"section\" data-e-type=\"section\" data-settings=\"{&quot;ekit_has_onepagescroll_dot&quot;:&quot;yes&quot;}\">\n\t\t\t\t\t\t<div class=\"elementor-container elementor-column-gap-default\">\n\t\t\t\t\t<div class=\"elementor-column elementor-col-100 elementor-top-column elementor-element elementor-element-cd3dd56\" data-id=\"cd3dd56\" data-element_type=\"column\" data-e-type=\"column\">\n\t\t\t<div class=\"elementor-widget-wrap elementor-element-populated\">\n\t\t\t\t\t\t<div class=\"elementor-element elementor-element-14b478e elementor-widget elementor-widget-text-editor\" data-id=\"14b478e\" data-element_type=\"widget\" data-e-type=\"widget\" data-settings=\"{&quot;ekit_we_effect_on&quot;:&quot;none&quot;}\" data-widget_type=\"text-editor.default\">\n\t\t\t\t<div class=\"elementor-widget-container\">\n\t\t\t\t\t\t\t\t\t<p>\u00bfCu\u00e1l es tu <strong>imagen en las redes sociales<\/strong>? Esta gran y temible pregunta es en realidad muy importante. Todo el contenido que compartes refleja tu negocio. En este art\u00edculo, nos centramos en Instagram, Facebook y Pinterest y te damos a conocer los diferentes formatos.<\/p>\t\t\t\t\t\t\t\t<\/div>\n\t\t\t\t<\/div>\n\t\t\t\t\t<\/div>\n\t\t<\/div>\n\t\t\t\t\t<\/div>\n\t\t<\/section>\n\t\t\t\t<section class=\"elementor-section elementor-top-section elementor-element elementor-element-6f7921bf elementor-section-boxed elementor-section-height-default elementor-section-height-default\" data-id=\"6f7921bf\" data-element_type=\"section\" data-e-type=\"section\" data-settings=\"{&quot;ekit_has_onepagescroll_dot&quot;:&quot;yes&quot;}\">\n\t\t\t\t\t\t<div class=\"elementor-container elementor-column-gap-default\">\n\t\t\t\t\t<div class=\"elementor-column elementor-col-100 elementor-top-column elementor-element elementor-element-a724ee3\" data-id=\"a724ee3\" data-element_type=\"column\" data-e-type=\"column\">\n\t\t\t<div class=\"elementor-widget-wrap elementor-element-populated\">\n\t\t\t\t\t\t<div class=\"elementor-element elementor-element-613fa907 elementor-widget elementor-widget-heading\" data-id=\"613fa907\" data-element_type=\"widget\" data-e-type=\"widget\" data-settings=\"{&quot;ekit_we_effect_on&quot;:&quot;none&quot;}\" data-widget_type=\"heading.default\">\n\t\t\t\t<div class=\"elementor-widget-container\">\n\t\t\t\t\t<h2 class=\"elementor-heading-title elementor-size-default\">\u00bfC\u00f3mo funciona el feed de Instagram?<\/h2>\t\t\t\t<\/div>\n\t\t\t\t<\/div>\n\t\t\t\t<div class=\"elementor-element elementor-element-938183a elementor-widget elementor-widget-text-editor\" data-id=\"938183a\" data-element_type=\"widget\" data-e-type=\"widget\" data-settings=\"{&quot;ekit_we_effect_on&quot;:&quot;none&quot;}\" data-widget_type=\"text-editor.default\">\n\t\t\t\t<div class=\"elementor-widget-container\">\n\t\t\t\t\t\t\t\t\t<p>Cuando te paseas por Instagram, te encuentras con cientos de publicaciones y a veces la imagen te atrae tanto que decides ir a la cuenta de la persona. Lo que se ve en esa cuenta se llama <strong>feed de Instagram<\/strong>.<\/p><p>Es la esencia misma del propietario, su universo que var\u00eda seg\u00fan cada perfil. Algunos destacan por su color, su tema, su ambiente, su organizaci\u00f3n de las fotos, su filtro&#8230;<\/p><p>Por lo tanto, es importante que cuides tu imagen en esta red social. Debes mantener una l\u00ednea gr\u00e1fica armoniosa que refleje los valores de tu marca.<\/p><p><u>Cifras clave sobre Instagram:<\/u><\/p><ul><li>Instagram fue fundado en 2010 por Kevin Systrom y Michel Mike Krieger, y fue adquirido en 2012 por Facebook.<\/li><li>\u201cM\u00e1s de 500 millones de cuentas de Instagram en todo el mundo est\u00e1n activas cada d\u00eda.\u201d (<a href=\"https:\/\/www.facebook.com\/business\/marketing\/instagram\" target=\"_blank\" rel=\"noopener\">Facebook<\/a>, Septembre 2017)<\/li><li>\u201cEl 90% de las cuentas siguen a un negocio en Instagram.\u201d (<a href=\"https:\/\/www.facebook.com\/business\/marketing\/instagram\" target=\"_blank\" rel=\"noopener\">Facebook<\/a>, Octobre 2019)<\/li><li>\u201cEl 33% de los usuarios de todo el mundo tienen entre 25 y 34 a\u00f1os, seguidos de cerca por los de 18 a 24 a\u00f1os, con un 29,8%.\u201d (<a href=\"https:\/\/www.statista.com\/statistics\/325587\/instagram-global-age-group\/\" target=\"_blank\" rel=\"noopener\">Statista<\/a> 2021)<\/li><\/ul>\t\t\t\t\t\t\t\t<\/div>\n\t\t\t\t<\/div>\n\t\t\t\t\t<\/div>\n\t\t<\/div>\n\t\t\t\t\t<\/div>\n\t\t<\/section>\n\t\t\t\t<section class=\"elementor-section elementor-top-section elementor-element elementor-element-5629b7a1 elementor-section-boxed elementor-section-height-default elementor-section-height-default\" data-id=\"5629b7a1\" data-element_type=\"section\" data-e-type=\"section\" data-settings=\"{&quot;ekit_has_onepagescroll_dot&quot;:&quot;yes&quot;}\">\n\t\t\t\t\t\t<div class=\"elementor-container elementor-column-gap-default\">\n\t\t\t\t\t<div class=\"elementor-column elementor-col-100 elementor-top-column elementor-element elementor-element-2bb50011\" data-id=\"2bb50011\" data-element_type=\"column\" data-e-type=\"column\">\n\t\t\t<div class=\"elementor-widget-wrap elementor-element-populated\">\n\t\t\t\t\t\t<div class=\"elementor-element elementor-element-170146a4 elementor-widget elementor-widget-heading\" data-id=\"170146a4\" data-element_type=\"widget\" data-e-type=\"widget\" data-settings=\"{&quot;ekit_we_effect_on&quot;:&quot;none&quot;}\" data-widget_type=\"heading.default\">\n\t\t\t\t<div class=\"elementor-widget-container\">\n\t\t\t\t\t<h2 class=\"elementor-heading-title elementor-size-default\">\u00bfC\u00f3mo funciona Facebook?<\/h2>\t\t\t\t<\/div>\n\t\t\t\t<\/div>\n\t\t\t\t<div class=\"elementor-element elementor-element-41671625 elementor-widget elementor-widget-text-editor\" data-id=\"41671625\" data-element_type=\"widget\" data-e-type=\"widget\" data-settings=\"{&quot;ekit_we_effect_on&quot;:&quot;none&quot;}\" data-widget_type=\"text-editor.default\">\n\t\t\t\t<div class=\"elementor-widget-container\">\n\t\t\t\t\t\t\t\t\t<p>Facebook, una <strong>red social muy popular<\/strong>, permite a los usuarios compartir informaci\u00f3n personal e interactuar con otros usuarios. Esta plataforma permite encontrar usuarios que comparten los mismos intereses.<\/p><p>Es una muy buena manera de que las empresas <strong>interact\u00faen con sus clientes<\/strong> y den una <strong>imagen<\/strong> <strong>m\u00e1s humana<\/strong>. Puedes crear una p\u00e1gina de Facebook gratis para desarrollar tu propia comunidad.<\/p><p>Gracias a Facebook, puedes mantenerte en contacto e informar a tus clientes de todas tus actividades, hacer anuncios dirigidos, publicar en la market place tus productos, proponer ofertas de trabajo, animar al usuario a realizar una acci\u00f3n con <a href=\"https:\/\/or-design.org\/llamada-a-la-accion\/\" target=\"_blank\" rel=\"noopener\">CTAs<\/a> (para coger una cita, por ejemplo), crear un grupo de Facebook o unirte a grupos que existes u ofrecer un servicio en Messenger.<\/p><p><u>Cifras clave sobre Facebook:<\/u><\/p><ul><li>Facebook fue creado en 2004 por Marc Zuckerberg.<\/li><li>700 millones de personas utilizan Facebook cada mes (<a href=\"https:\/\/www.facebook.com\/business\/marketing\/facebook\" target=\"_blank\" rel=\"noopener\">Facebook<\/a>, Juin 2020).<\/li><li>\u201c53,8% de la poblaci\u00f3n espa\u00f1ola era usuario de Facebook al menos una vez al mes.\u201d (<a href=\"https:\/\/es.statista.com\/estadisticas\/474784\/facebook-tasa-penetracion-prevision-espana\/\" target=\"_blank\" rel=\"noopener\">Statista<\/a>, 2020)<\/li><\/ul>\t\t\t\t\t\t\t\t<\/div>\n\t\t\t\t<\/div>\n\t\t\t\t\t<\/div>\n\t\t<\/div>\n\t\t\t\t\t<\/div>\n\t\t<\/section>\n\t\t\t\t<section class=\"elementor-section elementor-top-section elementor-element elementor-element-7caa6f15 elementor-section-boxed elementor-section-height-default elementor-section-height-default\" data-id=\"7caa6f15\" data-element_type=\"section\" data-e-type=\"section\" data-settings=\"{&quot;ekit_has_onepagescroll_dot&quot;:&quot;yes&quot;}\">\n\t\t\t\t\t\t<div class=\"elementor-container elementor-column-gap-default\">\n\t\t\t\t\t<div class=\"elementor-column elementor-col-100 elementor-top-column elementor-element elementor-element-1f0a8f23\" data-id=\"1f0a8f23\" data-element_type=\"column\" data-e-type=\"column\">\n\t\t\t<div class=\"elementor-widget-wrap elementor-element-populated\">\n\t\t\t\t\t\t<div class=\"elementor-element elementor-element-1a8bf41c elementor-widget elementor-widget-heading\" data-id=\"1a8bf41c\" data-element_type=\"widget\" data-e-type=\"widget\" data-settings=\"{&quot;ekit_we_effect_on&quot;:&quot;none&quot;}\" data-widget_type=\"heading.default\">\n\t\t\t\t<div class=\"elementor-widget-container\">\n\t\t\t\t\t<h2 class=\"elementor-heading-title elementor-size-default\">El uso de Pinterest: el mundo de los pines <\/h2>\t\t\t\t<\/div>\n\t\t\t\t<\/div>\n\t\t\t\t<div class=\"elementor-element elementor-element-46bce1d8 elementor-widget elementor-widget-text-editor\" data-id=\"46bce1d8\" data-element_type=\"widget\" data-e-type=\"widget\" data-settings=\"{&quot;ekit_we_effect_on&quot;:&quot;none&quot;}\" data-widget_type=\"text-editor.default\">\n\t\t\t\t<div class=\"elementor-widget-container\">\n\t\t\t\t\t\t\t\t\t<p>Pinterest es una red social que permite guardar, ordenar y gestionar im\u00e1genes. Puedes crear un <strong>tabl\u00f3n digital<\/strong> y luego fijar lo que quieras. Tambi\u00e9n es posible comentar los <strong>pines<\/strong> y seguir a la gente. Es una gran fuente de inspiraci\u00f3n para todos.<\/p><p>La <strong>importancia de la imagen en las redes sociales<\/strong> tambi\u00e9n se aplica a Pinterest. Gracias a esta plataforma puedes llegar a clientes potenciales. \u00a1Mantente fiel a tus valores!<\/p><p>Pinterest puede ayudarte a <strong>aumentar tu visibilida<\/strong>d en general, a mostrar tus productos y a ganar notoriedad y a mostrar tu creatividad. La imagen en todas sus formas es la base de esta red social, al igual que Instagram.<\/p><p><u>Cifras clave sobre Pinterest:<\/u><\/p><ul><li>Pinterest fue creado en 2010 por Paul Sciarra, Evan Sharp et Ben Silbermann<\/li><li>&#8220;400 millones de usuarios est\u00e1n activos cada mes.&#8221; (<a href=\"https:\/\/newsroom.pinterest.com\/fr\/post\/pinterest-depasse-les-400-millions-dutilisateurs-actifs-mensuels-grace-a-la-nette-progression\" target=\"_blank\" rel=\"noopener\">Newsroom Pinterest<\/a>, 2020)<\/li><li>&#8220;Las mujeres representan m\u00e1s del 60% de nuestra plataforma a nivel mundial.&#8221; (<a href=\"https:\/\/newsroom.pinterest.com\/fr\/post\/pinterest-depasse-les-400-millions-dutilisateurs-actifs-mensuels-grace-a-la-nette-progression\" target=\"_blank\" rel=\"noopener\">Newsroom Pinterest<\/a>, juin 2020)<\/li><\/ul><p>\u00a0<\/p>\t\t\t\t\t\t\t\t<\/div>\n\t\t\t\t<\/div>\n\t\t\t\t\t<\/div>\n\t\t<\/div>\n\t\t\t\t\t<\/div>\n\t\t<\/section>\n\t\t\t\t<section class=\"elementor-section elementor-top-section elementor-element elementor-element-c3f89ed elementor-section-boxed elementor-section-height-default elementor-section-height-default\" data-id=\"c3f89ed\" data-element_type=\"section\" data-e-type=\"section\" data-settings=\"{&quot;ekit_has_onepagescroll_dot&quot;:&quot;yes&quot;}\">\n\t\t\t\t\t\t<div class=\"elementor-container elementor-column-gap-default\">\n\t\t\t\t\t<div class=\"elementor-column elementor-col-100 elementor-top-column elementor-element elementor-element-57c9c45\" data-id=\"57c9c45\" data-element_type=\"column\" data-e-type=\"column\">\n\t\t\t<div class=\"elementor-widget-wrap elementor-element-populated\">\n\t\t\t\t\t\t<div class=\"elementor-element elementor-element-620f1de elementor-widget elementor-widget-heading\" data-id=\"620f1de\" data-element_type=\"widget\" data-e-type=\"widget\" data-settings=\"{&quot;ekit_we_effect_on&quot;:&quot;none&quot;}\" data-widget_type=\"heading.default\">\n\t\t\t\t<div class=\"elementor-widget-container\">\n\t\t\t\t\t<h2 class=\"elementor-heading-title elementor-size-default\">Los diferentes formatos en las redes sociales <\/h2>\t\t\t\t<\/div>\n\t\t\t\t<\/div>\n\t\t\t\t<div class=\"elementor-element elementor-element-c43451e elementor-widget elementor-widget-text-editor\" data-id=\"c43451e\" data-element_type=\"widget\" data-e-type=\"widget\" data-settings=\"{&quot;ekit_we_effect_on&quot;:&quot;none&quot;}\" data-widget_type=\"text-editor.default\">\n\t\t\t\t<div class=\"elementor-widget-container\">\n\t\t\t\t\t\t\t\t\t<p>Como lo hemos dicho antes la imagen en las redes sociales es fundamental. Veamos ahora los diferentes formatos que existen.<\/p>\t\t\t\t\t\t\t\t<\/div>\n\t\t\t\t<\/div>\n\t\t\t\t<div class=\"elementor-element elementor-element-d297297 elementor-widget elementor-widget-heading\" data-id=\"d297297\" data-element_type=\"widget\" data-e-type=\"widget\" data-settings=\"{&quot;ekit_we_effect_on&quot;:&quot;none&quot;}\" data-widget_type=\"heading.default\">\n\t\t\t\t<div class=\"elementor-widget-container\">\n\t\t\t\t\t<h3 class=\"elementor-heading-title elementor-size-default\">Formatos en Facebook<\/h3>\t\t\t\t<\/div>\n\t\t\t\t<\/div>\n\t\t\t\t<div class=\"elementor-element elementor-element-b353bd9 elementor-widget elementor-widget-text-editor\" data-id=\"b353bd9\" data-element_type=\"widget\" data-e-type=\"widget\" data-settings=\"{&quot;ekit_we_effect_on&quot;:&quot;none&quot;}\" data-widget_type=\"text-editor.default\">\n\t\t\t\t<div class=\"elementor-widget-container\">\n\t\t\t\t\t\t\t\t\t<p>Identificamos aqu\u00ed <strong>6 tipos de formatos<\/strong>:<\/p><ul><li>Foto de perfil (mismo tama\u00f1o que una p\u00e1gina de Facebook): 180 x 180 p\u00edxeles<\/li><li>Foto de portada: 851 x 315 p\u00edxeles<\/li><li>Foto de portada de la p\u00e1gina de Facebook: 820 x 312 p\u00edxeles<\/li><li>Foto de portada del grupo de Facebook: 820 x 428 p\u00edxeles<\/li><li>Foto de publicaci\u00f3n: 1200 x 630 p\u00edxeles<\/li><li>Foto de las stories de Facebook: 1080 x 1920 p\u00edxeles<\/li><\/ul>\t\t\t\t\t\t\t\t<\/div>\n\t\t\t\t<\/div>\n\t\t\t\t<div class=\"elementor-element elementor-element-8ebd59e elementor-widget elementor-widget-heading\" data-id=\"8ebd59e\" data-element_type=\"widget\" data-e-type=\"widget\" data-settings=\"{&quot;ekit_we_effect_on&quot;:&quot;none&quot;}\" data-widget_type=\"heading.default\">\n\t\t\t\t<div class=\"elementor-widget-container\">\n\t\t\t\t\t<h3 class=\"elementor-heading-title elementor-size-default\">Formatos En Instagram<\/h3>\t\t\t\t<\/div>\n\t\t\t\t<\/div>\n\t\t\t\t<div class=\"elementor-element elementor-element-cc0bf3f elementor-widget elementor-widget-text-editor\" data-id=\"cc0bf3f\" data-element_type=\"widget\" data-e-type=\"widget\" data-settings=\"{&quot;ekit_we_effect_on&quot;:&quot;none&quot;}\" data-widget_type=\"text-editor.default\">\n\t\t\t\t<div class=\"elementor-widget-container\">\n\t\t\t\t\t\t\t\t\t<p>Ahora veamos<strong> 3 formatos en Instagram<\/strong>:<\/p><ul><li>Foto de perfil: 150 x 150 p\u00edxeles<\/li><li>Foto de publicaci\u00f3n: 1080 x 1080 p\u00edxeles<\/li><li>Foto de las stories de Instagram: 1080 x 1920 p\u00edxeles<\/li><\/ul>\t\t\t\t\t\t\t\t<\/div>\n\t\t\t\t<\/div>\n\t\t\t\t<div class=\"elementor-element elementor-element-67595c1 elementor-widget elementor-widget-heading\" data-id=\"67595c1\" data-element_type=\"widget\" data-e-type=\"widget\" data-settings=\"{&quot;ekit_we_effect_on&quot;:&quot;none&quot;}\" data-widget_type=\"heading.default\">\n\t\t\t\t<div class=\"elementor-widget-container\">\n\t\t\t\t\t<h3 class=\"elementor-heading-title elementor-size-default\">Formatos en Pinterest <\/h3>\t\t\t\t<\/div>\n\t\t\t\t<\/div>\n\t\t\t\t<div class=\"elementor-element elementor-element-043d80a elementor-widget elementor-widget-text-editor\" data-id=\"043d80a\" data-element_type=\"widget\" data-e-type=\"widget\" data-settings=\"{&quot;ekit_we_effect_on&quot;:&quot;none&quot;}\" data-widget_type=\"text-editor.default\">\n\t\t\t\t<div class=\"elementor-widget-container\">\n\t\t\t\t\t\t\t\t\t<p>Para Pinterest, ponemos aqu\u00ed <strong>4 tipos de formatos<\/strong>:<\/p><ul><li>Foto de perfil: 165 x 165 p\u00edxeles<\/li><li>Foto de portada: 800 x 450 p\u00edxeles<\/li><li>Foto de una imagen compartida: 236 p\u00edxeles de ancho (sin l\u00edmite de longitud)<\/li><li>Foto de un pin: 1000 x 1500 p\u00edxeles<\/li><\/ul>\t\t\t\t\t\t\t\t<\/div>\n\t\t\t\t<\/div>\n\t\t\t\t<div class=\"elementor-element elementor-element-b856e2a elementor-widget elementor-widget-heading\" data-id=\"b856e2a\" data-element_type=\"widget\" data-e-type=\"widget\" data-settings=\"{&quot;ekit_we_effect_on&quot;:&quot;none&quot;}\" data-widget_type=\"heading.default\">\n\t\t\t\t<div class=\"elementor-widget-container\">\n\t\t\t\t\t<h3 class=\"elementor-heading-title elementor-size-default\">Formatos en Twitter <\/h3>\t\t\t\t<\/div>\n\t\t\t\t<\/div>\n\t\t\t\t<div class=\"elementor-element elementor-element-7ea34ec elementor-widget elementor-widget-text-editor\" data-id=\"7ea34ec\" data-element_type=\"widget\" data-e-type=\"widget\" data-settings=\"{&quot;ekit_we_effect_on&quot;:&quot;none&quot;}\" data-widget_type=\"text-editor.default\">\n\t\t\t\t<div class=\"elementor-widget-container\">\n\t\t\t\t\t\t\t\t\t<p>Los<strong> formatos m\u00e1s populares<\/strong> en Twitter:<\/p><ul><li>Foto de perfil: 200 x 200 p\u00edxeles<\/li><li>Foto de portada: 1500 x 500 p\u00edxeles<\/li><li>Foto de una imagen compartida: 1024 x 512 p\u00edxeles<\/li><\/ul>\t\t\t\t\t\t\t\t<\/div>\n\t\t\t\t<\/div>\n\t\t\t\t<div class=\"elementor-element elementor-element-7371094 elementor-widget elementor-widget-heading\" data-id=\"7371094\" data-element_type=\"widget\" data-e-type=\"widget\" data-settings=\"{&quot;ekit_we_effect_on&quot;:&quot;none&quot;}\" data-widget_type=\"heading.default\">\n\t\t\t\t<div class=\"elementor-widget-container\">\n\t\t\t\t\t<h3 class=\"elementor-heading-title elementor-size-default\">Formatos en LinkedIn<\/h3>\t\t\t\t<\/div>\n\t\t\t\t<\/div>\n\t\t\t\t<div class=\"elementor-element elementor-element-bf580ff elementor-widget elementor-widget-text-editor\" data-id=\"bf580ff\" data-element_type=\"widget\" data-e-type=\"widget\" data-settings=\"{&quot;ekit_we_effect_on&quot;:&quot;none&quot;}\" data-widget_type=\"text-editor.default\">\n\t\t\t\t<div class=\"elementor-widget-container\">\n\t\t\t\t\t\t\t\t\t<p>Para LinkedIn, te ponemos aqu\u00ed <strong>5 formatos<\/strong>:<\/p><ul><li>Foto de perfil: 400 x 400 p\u00edxeles<\/li><li>Foto de portada: 1584 x 396 p\u00edxeles<\/li><li>Foto de perfil de una p\u00e1gina de Facebook: 300 x 300 p\u00edxeles<\/li><li>Foto de portada de la p\u00e1gina de Facebook: 1536 \u00d7 768 p\u00edxeles<\/li><li>Foto de publicaci\u00f3n: 520 x 320 p\u00edxeles<\/li><\/ul>\t\t\t\t\t\t\t\t<\/div>\n\t\t\t\t<\/div>\n\t\t\t\t<div class=\"elementor-element elementor-element-770e41c elementor-widget elementor-widget-heading\" data-id=\"770e41c\" data-element_type=\"widget\" data-e-type=\"widget\" data-settings=\"{&quot;ekit_we_effect_on&quot;:&quot;none&quot;}\" data-widget_type=\"heading.default\">\n\t\t\t\t<div class=\"elementor-widget-container\">\n\t\t\t\t\t<h3 class=\"elementor-heading-title elementor-size-default\">Formatos en Youtube <\/h3>\t\t\t\t<\/div>\n\t\t\t\t<\/div>\n\t\t\t\t<div class=\"elementor-element elementor-element-eae5b10 elementor-widget elementor-widget-text-editor\" data-id=\"eae5b10\" data-element_type=\"widget\" data-e-type=\"widget\" data-settings=\"{&quot;ekit_we_effect_on&quot;:&quot;none&quot;}\" data-widget_type=\"text-editor.default\">\n\t\t\t\t<div class=\"elementor-widget-container\">\n\t\t\t\t\t\t\t\t\t<p>Por \u00faltimo, ponemos aqu\u00ed <strong>3 formatos para Youtube<\/strong>:<\/p><ul><li>Foto de perfil: 800 x 800 p\u00edxeles<\/li><li>Foto de portada: 2560 x 1440<\/li><li>Miniatura de YouTube: 1280 x 720 p\u00edxeles<\/li><\/ul>\t\t\t\t\t\t\t\t<\/div>\n\t\t\t\t<\/div>\n\t\t\t\t\t<\/div>\n\t\t<\/div>\n\t\t\t\t\t<\/div>\n\t\t<\/section>\n\t\t\t\t<section class=\"elementor-section elementor-top-section elementor-element elementor-element-cfa2bc7 elementor-section-boxed elementor-section-height-default elementor-section-height-default\" data-id=\"cfa2bc7\" data-element_type=\"section\" data-e-type=\"section\" data-settings=\"{&quot;ekit_has_onepagescroll_dot&quot;:&quot;yes&quot;}\">\n\t\t\t\t\t\t<div class=\"elementor-container elementor-column-gap-default\">\n\t\t\t\t\t<div class=\"elementor-column elementor-col-100 elementor-top-column elementor-element elementor-element-8dc4835\" data-id=\"8dc4835\" data-element_type=\"column\" data-e-type=\"column\">\n\t\t\t<div class=\"elementor-widget-wrap elementor-element-populated\">\n\t\t\t\t\t\t<div class=\"elementor-element elementor-element-daacd33 elementor-widget elementor-widget-text-editor\" data-id=\"daacd33\" data-element_type=\"widget\" data-e-type=\"widget\" data-settings=\"{&quot;ekit_we_effect_on&quot;:&quot;none&quot;}\" data-widget_type=\"text-editor.default\">\n\t\t\t\t<div class=\"elementor-widget-container\">\n\t\t\t\t\t\t\t\t\t<p>La<strong> imagen en las redes es muy importante,<\/strong> hay que cuidarla. Ya sea en Instagram, Facebook, Pinterest u otros es el embajador de tu marca. Disponemos de un <a href=\"https:\/\/or-design.org\/agencia-de-marketing-en-valencia\/\">servicio de marketing<\/a> para hacer de tus publicaciones verdaderas obras de arte. \u00a1Ponte en contacto con nosotros!<\/p>\t\t\t\t\t\t\t\t<\/div>\n\t\t\t\t<\/div>\n\t\t\t\t\t<\/div>\n\t\t<\/div>\n\t\t\t\t\t<\/div>\n\t\t<\/section>\n\t\t\t\t<section class=\"elementor-section elementor-top-section elementor-element elementor-element-e70f1d7 elementor-section-boxed elementor-section-height-default elementor-section-height-default\" data-id=\"e70f1d7\" data-element_type=\"section\" data-e-type=\"section\" data-settings=\"{&quot;ekit_has_onepagescroll_dot&quot;:&quot;yes&quot;}\">\n\t\t\t\t\t\t<div class=\"elementor-container elementor-column-gap-default\">\n\t\t\t\t\t<div class=\"elementor-column elementor-col-100 elementor-top-column elementor-element elementor-element-ec553bc\" data-id=\"ec553bc\" data-element_type=\"column\" data-e-type=\"column\">\n\t\t\t<div class=\"elementor-widget-wrap elementor-element-populated\">\n\t\t\t\t\t\t<div class=\"elementor-element elementor-element-b427c57 elementor-widget elementor-widget-spacer\" data-id=\"b427c57\" data-element_type=\"widget\" data-e-type=\"widget\" data-settings=\"{&quot;ekit_we_effect_on&quot;:&quot;none&quot;}\" data-widget_type=\"spacer.default\">\n\t\t\t\t<div class=\"elementor-widget-container\">\n\t\t\t\t\t\t\t<div class=\"elementor-spacer\">\n\t\t\t<div class=\"elementor-spacer-inner\"><\/div>\n\t\t<\/div>\n\t\t\t\t\t\t<\/div>\n\t\t\t\t<\/div>\n\t\t\t\t\t<\/div>\n\t\t<\/div>\n\t\t\t\t\t<\/div>\n\t\t<\/section>\n\t\t\t\t<\/div>\n\t\t","protected":false},"excerpt":{"rendered":"<p>\u00bfCu\u00e1l es tu imagen en las redes sociales? Esta gran y temible pregunta es en realidad muy importante. Todo el contenido que compartes refleja tu negocio. En este art\u00edculo, nos centramos en Instagram, Facebook y Pinterest y te damos a conocer los diferentes formatos. \u00bfC\u00f3mo funciona el feed de Instagram? Cuando te paseas por Instagram, [&hellip;]<\/p>\n","protected":false},"author":1,"featured_media":6269,"comment_status":"closed","ping_status":"closed","sticky":false,"template":"","format":"standard","meta":{"inline_featured_image":false,"footnotes":""},"categories":[21,7,23],"tags":[],"class_list":["post-5697","post","type-post","status-publish","format-standard","has-post-thumbnail","hentry","category-comunica-366","category-marketing","category-otros-formatos-graficos"],"_links":{"self":[{"href":"https:\/\/or-design.org\/en\/wp-json\/wp\/v2\/posts\/5697","targetHints":{"allow":["GET"]}}],"collection":[{"href":"https:\/\/or-design.org\/en\/wp-json\/wp\/v2\/posts"}],"about":[{"href":"https:\/\/or-design.org\/en\/wp-json\/wp\/v2\/types\/post"}],"author":[{"embeddable":true,"href":"https:\/\/or-design.org\/en\/wp-json\/wp\/v2\/users\/1"}],"replies":[{"embeddable":true,"href":"https:\/\/or-design.org\/en\/wp-json\/wp\/v2\/comments?post=5697"}],"version-history":[{"count":0,"href":"https:\/\/or-design.org\/en\/wp-json\/wp\/v2\/posts\/5697\/revisions"}],"wp:featuredmedia":[{"embeddable":true,"href":"https:\/\/or-design.org\/en\/wp-json\/wp\/v2\/media\/6269"}],"wp:attachment":[{"href":"https:\/\/or-design.org\/en\/wp-json\/wp\/v2\/media?parent=5697"}],"wp:term":[{"taxonomy":"category","embeddable":true,"href":"https:\/\/or-design.org\/en\/wp-json\/wp\/v2\/categories?post=5697"},{"taxonomy":"post_tag","embeddable":true,"href":"https:\/\/or-design.org\/en\/wp-json\/wp\/v2\/tags?post=5697"}],"curies":[{"name":"wp","href":"https:\/\/api.w.org\/{rel}","templated":true}]}}